{"id":56533,"date":"2024-03-03T14:24:33","date_gmt":"2024-03-03T13:24:33","guid":{"rendered":"https:\/\/www.italiadelight.it\/?p=56533"},"modified":"2026-04-20T18:02:12","modified_gmt":"2026-04-20T16:02:12","slug":"cosa-vedere-a-matera-e-dintorni","status":"publish","type":"post","link":"https:\/\/www.italiadelight.it\/blog\/cosa-vedere-a-matera-e-dintorni\/","title":{"rendered":"Scopri Matera: Un Viaggio Tra Storia, Cultura e Natura"},"content":{"rendered":"<p><strong>Matera<\/strong>, conosciuta come la <em>Citt\u00e0 dei Sassi<\/em>, rappresenta uno dei tesori pi\u00f9 affascinanti e unici d&#8217;Italia. <strong>Nominata Capitale Europea della Cultura nel 2019<\/strong>, questa citt\u00e0 offre un mix perfetto di storia, cultura e natura, che attrae visitatori da tutto il mondo. Scoprire Matera significa intraprendere un viaggio indietro nel tempo, dove la modernit\u00e0 incontra le tradizioni millenarie in un paesaggio naturale mozzafiato.<\/p>\n<h2><strong>Storia e Cultura di Matera: Un Tesoro Nascosto<\/strong><\/h2>\n<p>La <strong>storia di Matera<\/strong> si srotola come un nastro attraverso le epoche, tessendo un affascinante racconto di <strong>umanit\u00e0<\/strong>, <strong>innovazione<\/strong> e <strong>sopravvivenza<\/strong>. I <strong>Sassi di Matera<\/strong>, cuore pulsante della citt\u00e0, sono ben pi\u00f9 di semplici abitazioni scavate nella roccia; rappresentano un incredibile esempio di adattabilit\u00e0 umana e di rispetto profondo per l&#8217;ambiente circostante. Questi antichi quartieri, suddivisi nei noti <strong>Sasso Caveoso<\/strong> e <strong>Sasso Barisano<\/strong>, sono testimonianza vivente di una storia che affonda le radici nell&#8217;epoca preistorica, evolvendosi poi in una complessa stratificazione di periodi storici e influenze culturali.<\/p>\n<p>La nascita dei Sassi risale a migliaia di anni fa, quando le prime comunit\u00e0 neolitiche scelsero queste grotte naturali come rifugi. Con il passare dei secoli, queste primitive dimore furono ampliate e modificate, diventando abitazioni, chiese, e luoghi di comunit\u00e0 sempre pi\u00f9 sofisticati. <strong>Il Sasso Caveoso<\/strong> e <strong>il Sasso Barisano<\/strong> offrono oggi ai visitatori uno spaccato unico di questa evoluzione, mostrando come generazioni di materani abbiano saputo creare, a partire da semplici grotte, un intricato tessuto urbano che si integra perfettamente con il paesaggio naturale.<\/p>\n<figure id=\"attachment_101977\" aria-describedby=\"caption-attachment-101977\" style=\"width: 2000px\" class=\"wp-caption aligncenter\"><img data-dominant-color=\"5d6d7d\" data-has-transparency=\"false\" style=\"--dominant-color: #5d6d7d;\" fetchpriority=\"high\" decoding=\"async\" class=\"size-full wp-image-101977 not-transparent\" src=\"https:\/\/www.italiadelight.it\/wp-content\/uploads\/2024\/03\/the-historic-old-town-of-matera.jpg\" alt=\"Strada nella citt\u00e0 di Matera\" width=\"2000\" height=\"1325\" srcset=\"https:\/\/www.italiadelight.it\/blog\/wp-content\/uploads\/2024\/03\/the-historic-old-town-of-matera.jpg 2000w, https:\/\/www.italiadelight.it\/blog\/wp-content\/uploads\/2024\/03\/the-historic-old-town-of-matera-300x199.jpg 300w, https:\/\/www.italiadelight.it\/blog\/wp-content\/uploads\/2024\/03\/the-historic-old-town-of-matera-1024x678.jpg 1024w, https:\/\/www.italiadelight.it\/blog\/wp-content\/uploads\/2024\/03\/the-historic-old-town-of-matera-768x509.jpg 768w, https:\/\/www.italiadelight.it\/blog\/wp-content\/uploads\/2024\/03\/the-historic-old-town-of-matera-1536x1018.jpg 1536w, https:\/\/www.italiadelight.it\/blog\/wp-content\/uploads\/2024\/03\/the-historic-old-town-of-matera-18x12.jpg 18w\" sizes=\"(max-width: 2000px) 100vw, 2000px\" \/><figcaption id=\"caption-attachment-101977\" class=\"wp-caption-text\">Strada nella citt\u00e0 di Matera<\/figcaption><\/figure>\n<p>Il ruolo della <strong>Chiesa di San Pietro Caveoso<\/strong> e del <strong>Duomo di Matera<\/strong>, insieme alle numerose chiese rupestri che punteggiano il territorio, \u00e8 cruciale nella narrazione della storia materana. Questi luoghi sacri, riccamente decorati con affreschi che raccontano la devozione e l&#8217;arte di un&#8217;intera comunit\u00e0, sono molto pi\u00f9 di semplici edifici religiosi. Sono testimoni di come la fede e la cultura abbiano modellato l&#8217;identit\u00e0 della citt\u00e0, diventando fonte di ispirazione per artisti, pellegrini e visitatori da tutto il mondo. La <strong>Chiesa di San Pietro Caveoso<\/strong>, ad esempio, non \u00e8 soltanto un meraviglioso esempio di architettura rupestre, ma anche un punto di riferimento per comprendere l&#8217;evoluzione sociale e spirituale di Matera.<\/p>\n<p>Visitare Matera e i suoi Sassi significa quindi immergersi in un&#8217;atmosfera senza tempo, dove ogni pietra, ogni vicolo, ogni affresco svela una parte di questo incredibile puzzle storico e culturale. La citt\u00e0 invita a riflettere su come l&#8217;uomo sia stato capace di adattarsi alle sfide poste dall&#8217;ambiente naturale, creando una convivenza unica tra paesaggio e architettura. <strong>Matera rappresenta un esempio straordinario di resilienza<\/strong>, un luogo dove la storia non \u00e8 solo un ricordo del passato ma continua a vivere e a respirare attraverso le sue strade, le sue chiese e le sue piazze.<\/p>\n<p>In questo contesto, la sfida per chi visita Matera \u00e8 quella di andare oltre la superficie, di scoprire non solo l&#8217;incredibile bellezza estetica dei Sassi, ma anche di comprendere il profondo legame tra l&#8217;uomo, la sua storia e il territorio che lo accoglie. Solo cos\u00ec si pu\u00f2 apprezzare appieno l&#8217;essenza di Matera, una citt\u00e0 che ha molto da raccontare e da insegnare, custode di storie millenarie e di un patrimonio culturale senza eguali.<\/p>\n<h2><strong>Matera e il Richiamo della Natura: Tra il Verde della Murgia e le Profondit\u00e0 dei Canyon<\/strong><\/h2>\n<p>Quando si parla di <strong>Matera<\/strong>, spesso l&#8217;attenzione si concentra sui suoi <strong>Sassi<\/strong> e sull&#8217;inestimabile patrimonio storico e culturale che essi rappresentano. Tuttavia, ci\u00f2 che rende Matera un luogo ancora pi\u00f9 straordinario \u00e8 la sua stretta connessione con una natura selvaggia e incontaminata che avvolge la citt\u00e0 in un abbraccio di rara bellezza. Il <strong>Parco della Murgia Materana<\/strong> si estende come un vasto tappeto verde oltre i confini della citt\u00e0, offrendo <strong>panorami mozzafiato<\/strong>, <strong>canyon vertiginosi<\/strong> e una <strong>biodiversit\u00e0<\/strong> che fa di questa area un vero e proprio tesoro naturale.<\/p>\n<p>Il Parco della Murgia Materana, con i suoi <strong>canyon naturali<\/strong>, scolpiti nel corso dei millenni dall&#8217;azione incessante dell&#8217;acqua, presenta un paesaggio quasi lunare, dove la roccia calcarea assume forme e contorni che stimolano l&#8217;immaginazione. Questi <strong>canyon<\/strong>, insieme alle <strong>gravine<\/strong> e alle numerose <strong>grotte preistoriche<\/strong>, narrano una storia geologica antica, testimoni di come la natura abbia plasmato il territorio materano creando un paesaggio unico nel suo genere.<\/p>\n<p>Per gli <strong>amanti della natura<\/strong> e del <strong>trekking<\/strong>, il Parco della Murgia Materana rappresenta una destinazione imperdibile. Sentieri e percorsi escursionistici si snodano attraverso il parco, consentendo di esplorare <strong>flora<\/strong> e <strong>fauna<\/strong> tipiche della macchia mediterranea, tra cui specie endemiche e rarit\u00e0 botaniche che colorano il paesaggio di tonalit\u00e0 vivaci. La <strong>flora<\/strong> del parco \u00e8 un vero spettacolo della natura, con il periodo primaverile che vede l&#8217;esplosione di colori e profumi delle orchidee selvatiche, dei timi, delle ginestre e dei rosmarini. Anche la <strong>fauna<\/strong> gioca un ruolo fondamentale nell&#8217;ecosistema del parco, con la presenza di volpi, falchi pellegrini, gufi reali e tante altre specie che trovano rifugio tra le rocce e la vegetazione.<\/p>\n<figure id=\"attachment_101978\" aria-describedby=\"caption-attachment-101978\" style=\"width: 2000px\" class=\"wp-caption aligncenter\"><img data-dominant-color=\"6d7568\" data-has-transparency=\"false\" style=\"--dominant-color: #6d7568;\" decoding=\"async\" class=\"size-full wp-image-101978 not-transparent\" src=\"https:\/\/www.italiadelight.it\/wp-content\/uploads\/2024\/03\/scenic-landscape-depicting-a-canyon-and-a-historic-building-in-matera-italy.jpg\" alt=\"Vista del Canyon di Matera\" width=\"2000\" height=\"1333\" srcset=\"https:\/\/www.italiadelight.it\/blog\/wp-content\/uploads\/2024\/03\/scenic-landscape-depicting-a-canyon-and-a-historic-building-in-matera-italy.jpg 2000w, https:\/\/www.italiadelight.it\/blog\/wp-content\/uploads\/2024\/03\/scenic-landscape-depicting-a-canyon-and-a-historic-building-in-matera-italy-300x200.jpg 300w, https:\/\/www.italiadelight.it\/blog\/wp-content\/uploads\/2024\/03\/scenic-landscape-depicting-a-canyon-and-a-historic-building-in-matera-italy-1024x682.jpg 1024w, https:\/\/www.italiadelight.it\/blog\/wp-content\/uploads\/2024\/03\/scenic-landscape-depicting-a-canyon-and-a-historic-building-in-matera-italy-768x512.jpg 768w, https:\/\/www.italiadelight.it\/blog\/wp-content\/uploads\/2024\/03\/scenic-landscape-depicting-a-canyon-and-a-historic-building-in-matera-italy-1536x1024.jpg 1536w, https:\/\/www.italiadelight.it\/blog\/wp-content\/uploads\/2024\/03\/scenic-landscape-depicting-a-canyon-and-a-historic-building-in-matera-italy-18x12.jpg 18w, https:\/\/www.italiadelight.it\/blog\/wp-content\/uploads\/2024\/03\/scenic-landscape-depicting-a-canyon-and-a-historic-building-in-matera-italy-600x400.jpg 600w\" sizes=\"(max-width: 2000px) 100vw, 2000px\" \/><figcaption id=\"caption-attachment-101978\" class=\"wp-caption-text\">Vista del Canyon di Matera<\/figcaption><\/figure>\n<p>Esplorare il Parco della Murgia Materana significa immergersi in un ambiente dove il tempo sembra essersi fermato, dove il silenzio \u00e8 rotto solo dal canto degli uccelli o dal fruscio del vento tra gli alberi. \u00c8 un&#8217;esperienza che rigenera lo spirito e offre l&#8217;opportunit\u00e0 di connettersi profondamente con la natura, riscoprendo un senso di pace e benessere che solo la bellezza selvaggia e autentica del paesaggio pu\u00f2 offrire.<\/p>\n<p><strong>Matera<\/strong>, con il suo incredibile patrimonio naturale, dimostra come storia, cultura e natura possano fondersi in un equilibrio perfetto, offrendo esperienze uniche ai suoi visitatori. Il Parco della Murgia Materana non \u00e8 solo un&#8217;area protetta; \u00e8 un simbolo della relazione armoniosa tra l&#8217;uomo e l&#8217;ambiente, un luogo dove la conservazione della biodiversit\u00e0 e la valorizzazione del paesaggio vanno di pari passo con la tutela e la promozione di un patrimonio culturale senza tempo. Per chi visita Matera, dedicare tempo alla scoperta di questo parco significa arricchire il proprio viaggio con un&#8217;esperienza indimenticabile, che lascia nel cuore e nella mente il ricordo di un legame indissolubile tra la citt\u00e0 e la sua terra.<\/p>\n<h2><strong>Gastronomia Materana: Un Mosaico di Sapori Autentici<\/strong><\/h2>\n<p>La <strong>gastronomia materana<\/strong> \u00e8 un vero e proprio caleidoscopio di gusti, odori e tradizioni che affondano le radici nella storia millenaria di questa terra. Immersa nel cuore della Basilicata, Matera offre un&#8217;esperienza culinaria che \u00e8 un viaggio sensoriale autentico, capace di toccare l&#8217;anima attraverso sapori che raccontano storie di terra, passione e dedizione. La cucina materana non \u00e8 solo un elemento distintivo della cultura locale, ma rappresenta anche un ponte tra il passato e il presente, dove ogni piatto porta con s\u00e9 l&#8217;eco delle tradizioni e l&#8217;innovazione della cucina contemporanea.<\/p>\n<p>I <strong>peperoni cruschi<\/strong>, sottili fette di peperone rosso essiccato, rappresentano una delle prelibatezze pi\u00f9 iconiche della cucina lucana. Croccanti, aromatici e dal sapore intensamente dolce con un retrogusto leggermente piccante, questi peperoni sono il risultato di un antico processo di lavorazione che esalta al massimo le propriet\u00e0 del peperone. Utilizzati come ingrediente versatile in numerose ricette, dai primi piatti ai contorni, i peperoni cruschi incarnano l&#8217;essenza della gastronomia materana: semplicit\u00e0, qualit\u00e0 e sapore autentico.<\/p>\n<figure id=\"attachment_101979\" aria-describedby=\"caption-attachment-101979\" style=\"width: 2000px\" class=\"wp-caption aligncenter\"><img data-dominant-color=\"6f4641\" data-has-transparency=\"false\" style=\"--dominant-color: #6f4641;\" decoding=\"async\" class=\"size-full wp-image-101979 not-transparent\" src=\"https:\/\/www.italiadelight.it\/wp-content\/uploads\/2024\/03\/cruschi-peppers.jpg\" alt=\"Peperoni Cruschi\" width=\"2000\" height=\"1333\" srcset=\"https:\/\/www.italiadelight.it\/blog\/wp-content\/uploads\/2024\/03\/cruschi-peppers.jpg 2000w, https:\/\/www.italiadelight.it\/blog\/wp-content\/uploads\/2024\/03\/cruschi-peppers-300x200.jpg 300w, https:\/\/www.italiadelight.it\/blog\/wp-content\/uploads\/2024\/03\/cruschi-peppers-1024x682.jpg 1024w, https:\/\/www.italiadelight.it\/blog\/wp-content\/uploads\/2024\/03\/cruschi-peppers-768x512.jpg 768w, https:\/\/www.italiadelight.it\/blog\/wp-content\/uploads\/2024\/03\/cruschi-peppers-1536x1024.jpg 1536w, https:\/\/www.italiadelight.it\/blog\/wp-content\/uploads\/2024\/03\/cruschi-peppers-18x12.jpg 18w, https:\/\/www.italiadelight.it\/blog\/wp-content\/uploads\/2024\/03\/cruschi-peppers-600x400.jpg 600w\" sizes=\"(max-width: 2000px) 100vw, 2000px\" \/><figcaption id=\"caption-attachment-101979\" class=\"wp-caption-text\">Peperoni Cruschi<\/figcaption><\/figure>\n<p>Il <strong>pane di Matera IGP<\/strong> \u00e8 un altro simbolo emblematico della citt\u00e0, noto per la sua forma caratteristica, la crosta croccante e il profumo inconfondibile. Questo pane, prodotto esclusivamente con semola di grano duro, lievito naturale e acqua, si distingue per la sua lunga conservabilit\u00e0, una caratteristica che in passato lo rendeva indispensabile per le lunghe traversate dei pastori e dei contadini. Ogni fetta di pane di Matera racchiude il gusto della tradizione e l&#8217;abilit\u00e0 artigianale dei panificatori materani, custodi di un sapere tramandato di generazione in generazione.<\/p>\n<figure id=\"attachment_101980\" aria-describedby=\"caption-attachment-101980\" style=\"width: 2000px\" class=\"wp-caption aligncenter\"><img data-dominant-color=\"847768\" data-has-transparency=\"false\" style=\"--dominant-color: #847768;\" loading=\"lazy\" decoding=\"async\" class=\"size-full wp-image-101980 not-transparent\" src=\"https:\/\/www.italiadelight.it\/wp-content\/uploads\/2024\/03\/matera-bread.jpg\" alt=\"Pane di Matera\" width=\"2000\" height=\"1528\" srcset=\"https:\/\/www.italiadelight.it\/blog\/wp-content\/uploads\/2024\/03\/matera-bread.jpg 2000w, https:\/\/www.italiadelight.it\/blog\/wp-content\/uploads\/2024\/03\/matera-bread-300x229.jpg 300w, https:\/\/www.italiadelight.it\/blog\/wp-content\/uploads\/2024\/03\/matera-bread-1024x782.jpg 1024w, https:\/\/www.italiadelight.it\/blog\/wp-content\/uploads\/2024\/03\/matera-bread-768x587.jpg 768w, https:\/\/www.italiadelight.it\/blog\/wp-content\/uploads\/2024\/03\/matera-bread-1536x1174.jpg 1536w, https:\/\/www.italiadelight.it\/blog\/wp-content\/uploads\/2024\/03\/matera-bread-16x12.jpg 16w\" sizes=\"(max-width: 2000px) 100vw, 2000px\" \/><figcaption id=\"caption-attachment-101980\" class=\"wp-caption-text\">Pane di Matera<\/figcaption><\/figure>\n<p>I <strong>cavatelli con mollica<\/strong>, un primo piatto semplice ma di grande impatto gustativo, sono l&#8217;espressione della cucina povera materana, capace di trasformare ingredienti umili in veri e propri capolavori culinari. La pasta, fatta a mano con semola di grano duro e acqua, viene condita con una croccante mollica di pane aromatizzata con aglio e peperoncino, creando un contrasto di texture e sapori che delizia il palato.<\/p>\n<figure id=\"attachment_101981\" aria-describedby=\"caption-attachment-101981\" style=\"width: 2000px\" class=\"wp-caption aligncenter\"><img data-dominant-color=\"a48c68\" data-has-transparency=\"false\" style=\"--dominant-color: #a48c68;\" loading=\"lazy\" decoding=\"async\" class=\"size-full wp-image-101981 not-transparent\" src=\"https:\/\/www.italiadelight.it\/wp-content\/uploads\/2024\/03\/fresh-uncooked-cavatelli-pasta-.jpg\" alt=\"Pasta Cavatelli\" width=\"2000\" height=\"1333\" srcset=\"https:\/\/www.italiadelight.it\/blog\/wp-content\/uploads\/2024\/03\/fresh-uncooked-cavatelli-pasta-.jpg 2000w, https:\/\/www.italiadelight.it\/blog\/wp-content\/uploads\/2024\/03\/fresh-uncooked-cavatelli-pasta--300x200.jpg 300w, https:\/\/www.italiadelight.it\/blog\/wp-content\/uploads\/2024\/03\/fresh-uncooked-cavatelli-pasta--1024x682.jpg 1024w, https:\/\/www.italiadelight.it\/blog\/wp-content\/uploads\/2024\/03\/fresh-uncooked-cavatelli-pasta--768x512.jpg 768w, https:\/\/www.italiadelight.it\/blog\/wp-content\/uploads\/2024\/03\/fresh-uncooked-cavatelli-pasta--1536x1024.jpg 1536w, https:\/\/www.italiadelight.it\/blog\/wp-content\/uploads\/2024\/03\/fresh-uncooked-cavatelli-pasta--18x12.jpg 18w, https:\/\/www.italiadelight.it\/blog\/wp-content\/uploads\/2024\/03\/fresh-uncooked-cavatelli-pasta--600x400.jpg 600w\" sizes=\"(max-width: 2000px) 100vw, 2000px\" \/><figcaption id=\"caption-attachment-101981\" class=\"wp-caption-text\">Pasta Cavatelli<\/figcaption><\/figure>\n<p>La <strong>cucina materana<\/strong>, con il suo ricco patrimonio di ricette, tecniche e ingredienti locali, testimonia un profondo legame con il territorio e le sue risorse. L&#8217;uso sapiente di prodotti della terra, come l&#8217;olio extravergine di oliva, i legumi, le verdure di stagione e i formaggi locali, rivela un approccio sostenibile e rispettoso dell&#8217;ambiente, valori sempre pi\u00f9 importanti nell&#8217;era moderna.<\/p>\n<p>Assaporare la cucina di Matera significa immergersi in un universo di sapori autentici, dove ogni piatto narra una parte della storia e dell&#8217;identit\u00e0 di questa citt\u00e0 unica. \u00c8 un viaggio che va oltre il gusto, toccando le corde dell&#8217;anima e offrendo un&#8217;esperienza indimenticabile, radicata nella terra e arricchita dalla passione e dalla creativit\u00e0 degli abitanti di Matera. La gastronomia materana \u00e8 un invito a riscoprire il piacere della tavola, della convivialit\u00e0 e dell&#8217;autenticit\u00e0, elementi fondamentali della cultura italiana e pilastri di una comunit\u00e0 che ha saputo mantenere vivi i propri valori attraverso i secoli.<\/p>\n<h2><strong>Matera: Un Ponte tra Passato e Futuro<\/strong><\/h2>\n<p><strong>Matera<\/strong> si presenta oggi come un vero e proprio laboratorio vivente, dove la magia del passato incontra l&#8217;innovazione del futuro. Questa citt\u00e0, un tempo simbolo di arretratezza e povert\u00e0, ha saputo trasformarsi in un modello di <strong>sostenibilit\u00e0<\/strong> e <strong>innovazione culturale<\/strong>, diventando fonte di ispirazione a livello internazionale. La sua rinascita, coronata dalla nomina a <strong>Capitale Europea della Cultura nel 2019<\/strong>, \u00e8 il risultato di un impegno collettivo volto a valorizzare le proprie radici storiche e culturali, proiettandole in una dimensione contemporanea.<\/p>\n<p>La strategia di Matera si basa su un equilibrio delicato tra la conservazione del suo inestimabile patrimonio \u2013 rappresentato emblematicamente dai <strong>Sassi<\/strong> \u2013 e l&#8217;adozione di politiche innovative in ambito culturale, sociale ed economico. La citt\u00e0 ha saputo rinnovarsi attraverso il restauro consapevole delle sue antiche dimore, la promozione di pratiche eco-sostenibili e l&#8217;implementazione di tecnologie all&#8217;avanguardia per la tutela e la valorizzazione del suo patrimonio.<\/p>\n<p><strong>Eventi culturali<\/strong>, <strong>mostre d&#8217;arte<\/strong>, e <strong>festival<\/strong> animano le strade di Matera tutto l&#8217;anno, trasformando la citt\u00e0 in un palcoscenico a cielo aperto dove artisti, intellettuali e turisti da tutto il mondo si incontrano e si confrontano. Questi eventi non sono solo occasioni di svago, ma rappresentano momenti di riflessione sulla capacit\u00e0 dell&#8217;arte e della cultura di generare dialogo, inclusione sociale e sviluppo sostenibile.<\/p>\n<p>Esplorare Matera oggi significa dunque immergersi in un&#8217;esperienza multidimensionale, dove ogni angolo della citt\u00e0, dal pi\u00f9 antico al pi\u00f9 moderno, racconta storie di resilienza, creativit\u00e0 e innovazione. <strong>Le pietre millenarie dei Sassi<\/strong> narrano di una storia umana profondamente radicata nel tempo, mentre le iniziative culturali e le infrastrutture contemporanee testimoniano un impegno costante verso il futuro.<\/p>\n<figure id=\"attachment_101982\" aria-describedby=\"caption-attachment-101982\" style=\"width: 1333px\" class=\"wp-caption aligncenter\"><img data-dominant-color=\"9f9e91\" data-has-transparency=\"false\" style=\"--dominant-color: #9f9e91;\" loading=\"lazy\" decoding=\"async\" class=\"size-full wp-image-101982 not-transparent\" src=\"https:\/\/www.italiadelight.it\/wp-content\/uploads\/2024\/03\/a-girl-with-a-red-backpack-sits-on-the-street-of-sassi-di-matera-and-looks-into-the-distance-.jpg\" alt=\"Matera Oggi \" width=\"1333\" height=\"2000\" srcset=\"https:\/\/www.italiadelight.it\/blog\/wp-content\/uploads\/2024\/03\/a-girl-with-a-red-backpack-sits-on-the-street-of-sassi-di-matera-and-looks-into-the-distance-.jpg 1333w, https:\/\/www.italiadelight.it\/blog\/wp-content\/uploads\/2024\/03\/a-girl-with-a-red-backpack-sits-on-the-street-of-sassi-di-matera-and-looks-into-the-distance--200x300.jpg 200w, https:\/\/www.italiadelight.it\/blog\/wp-content\/uploads\/2024\/03\/a-girl-with-a-red-backpack-sits-on-the-street-of-sassi-di-matera-and-looks-into-the-distance--682x1024.jpg 682w, https:\/\/www.italiadelight.it\/blog\/wp-content\/uploads\/2024\/03\/a-girl-with-a-red-backpack-sits-on-the-street-of-sassi-di-matera-and-looks-into-the-distance--768x1152.jpg 768w, https:\/\/www.italiadelight.it\/blog\/wp-content\/uploads\/2024\/03\/a-girl-with-a-red-backpack-sits-on-the-street-of-sassi-di-matera-and-looks-into-the-distance--1024x1536.jpg 1024w, https:\/\/www.italiadelight.it\/blog\/wp-content\/uploads\/2024\/03\/a-girl-with-a-red-backpack-sits-on-the-street-of-sassi-di-matera-and-looks-into-the-distance--8x12.jpg 8w\" sizes=\"(max-width: 1333px) 100vw, 1333px\" \/><figcaption id=\"caption-attachment-101982\" class=\"wp-caption-text\">Matera Oggi<\/figcaption><\/figure>\n<p>La dualit\u00e0 di Matera, sospesa tra la maestosit\u00e0 del suo passato e la dinamicit\u00e0 del suo presente, offre ai visitatori una prospettiva unica sulle potenzialit\u00e0 della cultura come motore di cambiamento e rinnovamento. <strong>La citt\u00e0 dei Sassi<\/strong> dimostra come la salvaguardia delle tradizioni possa andare di pari passo con la ricerca dell&#8217;innovazione, creando un modello di sviluppo che rispetta l&#8217;ambiente e valorizza le comunit\u00e0 locali.<\/p>\n<p>In questo contesto, Matera si conferma non solo come una meta imperdibile per chi \u00e8 alla ricerca di un viaggio che unisce <strong>storia<\/strong>, <strong>cultura<\/strong> e <strong>natura<\/strong>, ma anche come un esempio eloquente di come il patrimonio culturale possa essere un leva fondamentale per la crescita sostenibile e inclusiva. La citt\u00e0 invita dunque a una riflessione pi\u00f9 ampia sul ruolo dell&#8217;arte e della cultura nel mondo contemporaneo, offrendo lezioni preziose sull&#8217;importanza della memoria storica e sull&#8217;urgenza di costruire un futuro pi\u00f9 consapevole e responsabile.<\/p>\n<p>Per scoprire queste meraviglie italiane, <a href=\"https:\/\/www.italiadelight.it\/hotel\">prenota un hotel<\/a> nella zona e raggiungi la destinazione con un <a href=\"https:\/\/www.italiadelight.it\/voli\">volo<\/a>. Un&#8217;<a href=\"https:\/\/www.italiadelight.it\/noleggio-auto\">auto a noleggio<\/a> \u00e8 il modo migliore per esplorare i dintorni. Le <a href=\"https:\/\/www.italiadelight.it\/tours\">esperienze guidate<\/a> ti portano nei luoghi pi\u00f9 belli con la competenza di guide locali.<\/p>\n","protected":false},"excerpt":{"rendered":"<p>Matera, conosciuta come la Citt\u00e0 dei Sassi, rappresenta uno dei tesori pi\u00f9 affascinanti e unici d&#8217;Italia. Nominata Capitale Europea della Cultura nel 2019, questa citt\u00e0&#8230;<\/p>\n","protected":false},"author":1,"featured_media":101975,"comment_status":"open","ping_status":"closed","sticky":false,"template":"","format":"standard","meta":{"_acf_changed":false,"_seopress_robots_primary_cat":"none","_seopress_titles_title":"Guida Matera: Attrazioni Imperdibili %%sep%% %%sitetitle%%","_seopress_titles_desc":"Esplora le meraviglie di Matera e dintorni: dai Sassi alla natura incantevole, una guida per non perdere il meglio.","_seopress_robots_index":"","_daim_seo_power":"","_daim_enable_ail":"","footnotes":""},"categories":[1],"tags":[98,1852,126,1850,278,1851,1853,320],"class_list":{"0":"post-56533","1":"post","2":"type-post","3":"status-publish","4":"format-standard","5":"has-post-thumbnail","7":"category-cosa-vedere","8":"tag-attrazioni","9":"tag-basilicata","10":"tag-cosa-vedere","11":"tag-matera","12":"tag-natura","13":"tag-sassi-di-matera","14":"tag-turismo-culturale","15":"tag-viaggi-italia"},"acf":[],"reading_time":10,"author_details":{"name":"Italia Delight","url":"https:\/\/www.italiadelight.it\/blog\/author\/intornoame_lpgkrx4c\/","avatar":"https:\/\/secure.gravatar.com\/avatar\/2369a15b1e6841ae500ded9532d17d83db49d6c35ebedbf39e0afce5159c2980?s=96&d=mm&r=g"},"featured_image_urls":{"full":"https:\/\/www.italiadelight.it\/blog\/wp-content\/uploads\/2024\/03\/the-old-town-of-matera.jpg","hero":"https:\/\/www.italiadelight.it\/blog\/wp-content\/uploads\/2024\/03\/the-old-town-of-matera-1920x1080.jpg","card":"https:\/\/www.italiadelight.it\/blog\/wp-content\/uploads\/2024\/03\/the-old-town-of-matera-600x400.jpg","thumbnail":"https:\/\/www.italiadelight.it\/blog\/wp-content\/uploads\/2024\/03\/the-old-town-of-matera-150x150.jpg"},"excerpt_plain":"Matera, conosciuta come la Citt\u00e0 dei Sassi, rappresenta uno dei tesori pi\u00f9 affascinanti e unici d&#8217;Italia. Nominata Capitale Europea della Cultura nel 2019, questa citt\u00e0...","category_details":[{"id":1,"name":"Cosa Vedere","slug":"cosa-vedere","link":"https:\/\/www.italiadelight.it\/blog\/category\/cosa-vedere\/"}],"_links":{"self":[{"href":"https:\/\/www.italiadelight.it\/blog\/wp-json\/wp\/v2\/posts\/56533","targetHints":{"allow":["GET"]}}],"collection":[{"href":"https:\/\/www.italiadelight.it\/blog\/wp-json\/wp\/v2\/posts"}],"about":[{"href":"https:\/\/www.italiadelight.it\/blog\/wp-json\/wp\/v2\/types\/post"}],"author":[{"embeddable":true,"href":"https:\/\/www.italiadelight.it\/blog\/wp-json\/wp\/v2\/users\/1"}],"replies":[{"embeddable":true,"href":"https:\/\/www.italiadelight.it\/blog\/wp-json\/wp\/v2\/comments?post=56533"}],"version-history":[{"count":0,"href":"https:\/\/www.italiadelight.it\/blog\/wp-json\/wp\/v2\/posts\/56533\/revisions"}],"wp:featuredmedia":[{"embeddable":true,"href":"https:\/\/www.italiadelight.it\/blog\/wp-json\/wp\/v2\/media\/101975"}],"wp:attachment":[{"href":"https:\/\/www.italiadelight.it\/blog\/wp-json\/wp\/v2\/media?parent=56533"}],"wp:term":[{"taxonomy":"category","embeddable":true,"href":"https:\/\/www.italiadelight.it\/blog\/wp-json\/wp\/v2\/categories?post=56533"},{"taxonomy":"post_tag","embeddable":true,"href":"https:\/\/www.italiadelight.it\/blog\/wp-json\/wp\/v2\/tags?post=56533"}],"curies":[{"name":"wp","href":"https:\/\/api.w.org\/{rel}","templated":true}]}}