{"id":105518,"date":"2024-04-05T08:24:48","date_gmt":"2024-04-05T06:24:48","guid":{"rendered":"https:\/\/www.italiadelight.it\/?p=105518"},"modified":"2026-04-20T18:01:09","modified_gmt":"2026-04-20T16:01:09","slug":"scoprire-la-costiera-amalfitana-un-viaggio-a-amalfi-che-incanta","status":"publish","type":"post","link":"https:\/\/www.italiadelight.it\/blog\/scoprire-la-costiera-amalfitana-un-viaggio-a-amalfi-che-incanta\/","title":{"rendered":"Scoprire la Costiera Amalfitana: Un Viaggio a Amalfi che Incanta"},"content":{"rendered":"<p>La <strong>Costiera Amalfitana<\/strong> \u00e8 uno di quei luoghi che, una volta visitati, rimangono impressi nella memoria per sempre. Tra i gioielli di questa striscia di paradiso sulla terra, <strong>Amalfi<\/strong> brilla con la sua storia, la sua cultura e i suoi paesaggi mozzafiato, offrendo un\u2019esperienza di viaggio indimenticabile.<\/p>\n<h2>Il Cuore Storico di Amalfi: Un Viaggio Attraverso i Secoli<\/h2>\n<p>La storia di <strong>Amalfi<\/strong> \u00e8 un intricato tessuto di eventi, culture e dominazioni che si intrecciano dando vita a uno dei borghi pi\u00f9 affascinanti d&#8217;Italia. Fondata nel <strong>IV secolo d.C. dai Romani<\/strong>, questa citt\u00e0 ha attraversato i millenni, trasformandosi da semplice villaggio di pescatori a una delle pi\u00f9 potenti <strong>Repubbliche Marinare<\/strong> d&#8217;Italia. Tra il IX e il XII secolo, Amalfi fu al centro dei commerci nel Mediterraneo, un crocevia di culture, merci e sapere che ha lasciato un segno indelebile nella sua architettura, tradizioni e spirito comunitario.<\/p>\n<p>La visita a Amalfi \u00e8 un\u2019immersione in un passato glorioso, dove ogni pietra, ogni vicolo, racconta storie di navi e marinai, di commerci con l&#8217;Oriente e di artigianato prezioso. Il simbolo per eccellenza di questo glorioso passato \u00e8 senza dubbio il <strong>Duomo di Sant&#8217;Andrea<\/strong>, con la sua maestosa facciata a strisce bianche e nere, l\u2019imponente scalinata e il suggestivo <strong>Chiostro del Paradiso<\/strong>, che sembrano narrare l&#8217;opulenza e la devozione della Amalfi medievale. All\u2019interno del complesso del Duomo, il <strong>museo<\/strong> conserva reperti che testimoniano non solo la spiritualit\u00e0, ma anche l&#8217;ingegnosit\u00e0 commerciale e navale degli amalfitani.<\/p>\n<p><img data-dominant-color=\"9c8982\" data-has-transparency=\"false\" style=\"--dominant-color: #9c8982;\" fetchpriority=\"high\" decoding=\"async\" class=\"aligncenter size-full wp-image-105524 not-transparent\" src=\"https:\/\/www.italiadelight.it\/wp-content\/uploads\/2024\/04\/Centro-Storico-di-Amalfi-scaled.jpg\" alt=\"Piazza vivace con negozi e ristorante esterno.\" width=\"2048\" height=\"1366\" srcset=\"https:\/\/www.italiadelight.it\/blog\/wp-content\/uploads\/2024\/04\/Centro-Storico-di-Amalfi-scaled.jpg 2560w, https:\/\/www.italiadelight.it\/blog\/wp-content\/uploads\/2024\/04\/Centro-Storico-di-Amalfi-300x200.jpg 300w, https:\/\/www.italiadelight.it\/blog\/wp-content\/uploads\/2024\/04\/Centro-Storico-di-Amalfi-1024x683.jpg 1024w, https:\/\/www.italiadelight.it\/blog\/wp-content\/uploads\/2024\/04\/Centro-Storico-di-Amalfi-768x512.jpg 768w, https:\/\/www.italiadelight.it\/blog\/wp-content\/uploads\/2024\/04\/Centro-Storico-di-Amalfi-1536x1024.jpg 1536w, https:\/\/www.italiadelight.it\/blog\/wp-content\/uploads\/2024\/04\/Centro-Storico-di-Amalfi-2048x1366.jpg 2048w, https:\/\/www.italiadelight.it\/blog\/wp-content\/uploads\/2024\/04\/Centro-Storico-di-Amalfi-18x12.jpg 18w, https:\/\/www.italiadelight.it\/blog\/wp-content\/uploads\/2024\/04\/Centro-Storico-di-Amalfi-600x400.jpg 600w\" sizes=\"(max-width: 2048px) 100vw, 2048px\" \/><\/p>\n<p>Passeggiare per le strade di Amalfi significa dunque camminare su sentieri che risuonano delle eco di un passato glorioso, scoprendo angoli nascosti che mantengono vivo il ricordo di un&#8217;epoca in cui questa citt\u00e0 era una protagonista del Mediterraneo. Un\u2019esperienza che non si limita alla mera osservazione, ma che invita a riflettere sulle dinamiche storiche, culturali e sociali che hanno plasmato non solo Amalfi ma l&#8217;intera regione circostante.<\/p>\n<h2>Amalfi e le Sue Meraviglie Naturali: Un Paradiso Incorniciato dal Blu<\/h2>\n<p>La <strong>Costiera Amalfitana<\/strong> rappresenta uno dei paesaggi pi\u00f9 straordinari che l&#8217;Italia ha da offrire, una perfetta fusione tra la mano dell&#8217;uomo e la natura. Amalfi, incastonata in questo scenario da sogno, offre panorami che lasciano senza fiato: <strong>scogliere vertiginose<\/strong> che si tuffano in acque cristalline, <strong>villaggi pittoreschi<\/strong> color pastello che si aggrappano tenacemente alla roccia, e una vegetazione lussureggiante che fa da cornice a tutto ci\u00f2. Questo paesaggio, che sembra dipinto da un artista di talento, \u00e8 il risultato di millenni di interazione tra l&#8217;ambiente naturale e l&#8217;intervento umano, che ha saputo adattarsi rispettando la bellezza incontaminata dei luoghi.<\/p>\n<p>Una delle esperienze pi\u00f9 suggestive che Amalfi pu\u00f2 offrire \u00e8 sicuramente una <strong>gita in barca<\/strong>, che permette di apprezzare la costa da una prospettiva unica. Navigando a poca distanza dalla riva, si possono scoprire <strong>cavit\u00e0 nascoste<\/strong>, <strong>spiaggette inaccessibili<\/strong> da terra e angoli di paradiso dove il tempo sembra essersi fermato. La <strong>Grotta dello Smeraldo<\/strong>, accessibile sia via terra che via mare, \u00e8 un esempio sublime di come la natura possa creare meraviglie senza tempo. Illuminata da un gioco di luci naturale che filtra dall&#8217;esterno, l&#8217;acqua all&#8217;interno della grotta assume tonalit\u00e0 di smeraldo, creando un ambiente di una bellezza quasi surreale.<\/p>\n<figure id=\"attachment_105525\" aria-describedby=\"caption-attachment-105525\" style=\"width: 2048px\" class=\"wp-caption aligncenter\"><img data-dominant-color=\"aba393\" data-has-transparency=\"false\" style=\"--dominant-color: #aba393;\" decoding=\"async\" class=\"wp-image-105525 size-full not-transparent\" src=\"https:\/\/www.italiadelight.it\/wp-content\/uploads\/2024\/04\/Vacanza-estiva-in-Italia-Punto-di-vista-posteriore-della-giovane-donna-con-il-cappello-di-paglia-ed-il-vestito-giallo-con-il-villaggio-sui-precedenti-costa-di-Amalfi-Italia-di-Atrani-scaled.jpg\" alt=\"Donna ammira la Costiera Amalfitana in estate.\" width=\"2048\" height=\"1234\" srcset=\"https:\/\/www.italiadelight.it\/blog\/wp-content\/uploads\/2024\/04\/Vacanza-estiva-in-Italia-Punto-di-vista-posteriore-della-giovane-donna-con-il-cappello-di-paglia-ed-il-vestito-giallo-con-il-villaggio-sui-precedenti-costa-di-Amalfi-Italia-di-Atrani-scaled.jpg 2560w, https:\/\/www.italiadelight.it\/blog\/wp-content\/uploads\/2024\/04\/Vacanza-estiva-in-Italia-Punto-di-vista-posteriore-della-giovane-donna-con-il-cappello-di-paglia-ed-il-vestito-giallo-con-il-villaggio-sui-precedenti-costa-di-Amalfi-Italia-di-Atrani-300x181.jpg 300w, https:\/\/www.italiadelight.it\/blog\/wp-content\/uploads\/2024\/04\/Vacanza-estiva-in-Italia-Punto-di-vista-posteriore-della-giovane-donna-con-il-cappello-di-paglia-ed-il-vestito-giallo-con-il-villaggio-sui-precedenti-costa-di-Amalfi-Italia-di-Atrani-1024x617.jpg 1024w, https:\/\/www.italiadelight.it\/blog\/wp-content\/uploads\/2024\/04\/Vacanza-estiva-in-Italia-Punto-di-vista-posteriore-della-giovane-donna-con-il-cappello-di-paglia-ed-il-vestito-giallo-con-il-villaggio-sui-precedenti-costa-di-Amalfi-Italia-di-Atrani-768x463.jpg 768w, https:\/\/www.italiadelight.it\/blog\/wp-content\/uploads\/2024\/04\/Vacanza-estiva-in-Italia-Punto-di-vista-posteriore-della-giovane-donna-con-il-cappello-di-paglia-ed-il-vestito-giallo-con-il-villaggio-sui-precedenti-costa-di-Amalfi-Italia-di-Atrani-1536x925.jpg 1536w, https:\/\/www.italiadelight.it\/blog\/wp-content\/uploads\/2024\/04\/Vacanza-estiva-in-Italia-Punto-di-vista-posteriore-della-giovane-donna-con-il-cappello-di-paglia-ed-il-vestito-giallo-con-il-villaggio-sui-precedenti-costa-di-Amalfi-Italia-di-Atrani-2048x1234.jpg 2048w, https:\/\/www.italiadelight.it\/blog\/wp-content\/uploads\/2024\/04\/Vacanza-estiva-in-Italia-Punto-di-vista-posteriore-della-giovane-donna-con-il-cappello-di-paglia-ed-il-vestito-giallo-con-il-villaggio-sui-precedenti-costa-di-Amalfi-Italia-di-Atrani-18x12.jpg 18w\" sizes=\"(max-width: 2048px) 100vw, 2048px\" \/><figcaption id=\"caption-attachment-105525\" class=\"wp-caption-text\">Donna ammira la Costiera Amalfitana in estate.<\/figcaption><\/figure>\n<p>Esplorare Amalfi e la sua costiera \u00e8 dunque un viaggio che soddisfa tutti i sensi, un&#8217;esperienza che combina la scoperta di un patrimonio storico e culturale di inestimabile valore con l&#8217;immersione in scenari naturali di incomparabile bellezza. \u00c8 un invito a rallentare, a respirare la bellezza che ci circonda, e a riflettere su come l\u2019equilibrio tra uomo e natura possa produrre paesaggi di eterna meraviglia.<\/p>\n<h2>La Gastronomia di Amalfi: Un Mosaico di Sapori tra Terra e Mare<\/h2>\n<p><strong>La cucina amalfitana<\/strong> \u00e8 un capitolo fondamentale nella narrazione di questa terra incantata, rappresentando una fusione perfetta di ingredienti freschi locali, tradizioni secolari e influenze culturali che si sono susseguite nel corso dei secoli. Al centro di questa esplosione di sapori vi \u00e8 l&#8217;indiscusso protagonista: <strong>il limone di Amalfi<\/strong>, un frutto dalla buccia profumata e dalla succosa polpa, che trova impiego in una variet\u00e0 sorprendente di ricette, dall&#8217;antipasto al dolce, senza dimenticare il celeberrimo <strong>limoncello<\/strong>.<\/p>\n<p>La cucina amalfitana seduce i palati pi\u00f9 esigenti con la sua capacit\u00e0 di combinare <strong>sapori del mare<\/strong> con quelli della <strong>terra<\/strong>, creando piatti che sono veri e propri capolavori gastronomici. La <strong>pasta al limone<\/strong> rappresenta l&#8217;essenza di questa sinergia, con la sua freschezza che evoca l&#8217;estate in ogni boccone. Il <strong>pesce fresco alla griglia<\/strong>, accompagnato da erbe aromatiche e un filo d&#8217;olio extravergine d&#8217;oliva, racconta la storia millenaria di un popolo di marinai e pescatori, mentre la <strong>delizia al limone<\/strong> chiude il cerchio, offrendo un finale dolce che rimane impresso nella memoria.<\/p>\n<figure id=\"attachment_105526\" aria-describedby=\"caption-attachment-105526\" style=\"width: 2048px\" class=\"wp-caption aligncenter\"><img data-dominant-color=\"98774a\" data-has-transparency=\"false\" style=\"--dominant-color: #98774a;\" decoding=\"async\" class=\"size-full wp-image-105526 not-transparent\" src=\"https:\/\/www.italiadelight.it\/wp-content\/uploads\/2024\/04\/Limoncello-di-Amalfi-scaled.jpg\" alt=\"Bancarella di limoncello e limoni in Italia.\" width=\"2048\" height=\"1365\" srcset=\"https:\/\/www.italiadelight.it\/blog\/wp-content\/uploads\/2024\/04\/Limoncello-di-Amalfi-scaled.jpg 2560w, https:\/\/www.italiadelight.it\/blog\/wp-content\/uploads\/2024\/04\/Limoncello-di-Amalfi-300x200.jpg 300w, https:\/\/www.italiadelight.it\/blog\/wp-content\/uploads\/2024\/04\/Limoncello-di-Amalfi-1024x683.jpg 1024w, https:\/\/www.italiadelight.it\/blog\/wp-content\/uploads\/2024\/04\/Limoncello-di-Amalfi-768x512.jpg 768w, https:\/\/www.italiadelight.it\/blog\/wp-content\/uploads\/2024\/04\/Limoncello-di-Amalfi-1536x1024.jpg 1536w, https:\/\/www.italiadelight.it\/blog\/wp-content\/uploads\/2024\/04\/Limoncello-di-Amalfi-2048x1365.jpg 2048w, https:\/\/www.italiadelight.it\/blog\/wp-content\/uploads\/2024\/04\/Limoncello-di-Amalfi-18x12.jpg 18w, https:\/\/www.italiadelight.it\/blog\/wp-content\/uploads\/2024\/04\/Limoncello-di-Amalfi-600x400.jpg 600w\" sizes=\"(max-width: 2048px) 100vw, 2048px\" \/><figcaption id=\"caption-attachment-105526\" class=\"wp-caption-text\">Limoncello di Amalfi<\/figcaption><\/figure>\n<p>La visita ad Amalfi, quindi, non pu\u00f2 dirsi completa senza aver dedicato adeguato tempo ed attenzione alla scoperta delle sue specialit\u00e0 culinarie, capaci di raccontare, attraverso il gusto, la storia, la cultura e le tradizioni di questo luogo magico. Ogni pasto diventa un\u2019occasione per esplorare la <strong>diversit\u00e0 e la ricchezza della cucina locale<\/strong>, in un viaggio sensoriale che lascia un segno indelebile.<\/p>\n<h2>Amalfi: Esperienze Uniche e Tradizioni da Vivere<\/h2>\n<p>Amalfi non \u00e8 solo mare, storia e cucina; \u00e8 anche l&#8217;occasione di vivere esperienze uniche, che permettono di entrare in contatto pi\u00f9 profondo con l&#8217;anima del luogo. <strong>Il Sentiero degli Dei<\/strong>, ad esempio, \u00e8 un\u2019escursione che ogni amante del trekking dovrebbe sperimentare almeno una volta nella vita. Il sentiero si snoda lungo la costiera offrendo <strong>panorami mozzafiato<\/strong> che difficilmente si dimenticano, in un susseguirsi di vedute sulla scogliera che lasciano senza fiato.<\/p>\n<p><strong>La Cartiera di Amalfi<\/strong> rappresenta un\u2019altra tappa imperdibile per chi desidera scoprire le antiche tradizioni locali. Qui, l\u2019arte della fabbricazione della carta, tramandata di generazione in generazione, si pu\u00f2 osservare da vicino, comprendendo come questo materiale sia stato fondamentale nella storia commerciale e culturale di Amalfi.<\/p>\n<p>Infine, il <strong>shopping artigianale<\/strong> offre l&#8217;opportunit\u00e0 di portare a casa un pezzo di Amalfi. Tra <strong>ceramiche colorate<\/strong>, <strong>sandali su misura<\/strong> e <strong>prodotti a base di limone<\/strong>, ogni acquisto racchiude in s\u00e9 un pezzo di storia e tradizione, rendendo il ricordo del viaggio tangibile e duraturo. Queste esperienze, insieme, contribuiscono a rendere la visita ad Amalfi non solo un viaggio nel bello e nel buono, ma un vero e proprio percorso di scoperta culturale e personale.<\/p>\n<h2>Quando Visitare<\/h2>\n<p>Amalfi e la Costiera sono incantevoli in ogni stagione, ma il periodo da aprile a giugno e da settembre a ottobre offre il miglior compromesso tra clima mite, minor affollamento e natura in fiore.<\/p>\n<h2>Come Arrivare<\/h2>\n<p>Raggiungere Amalfi \u00e8 un\u2019avventura: che siate al volante lungo le strade serpentine con vista mare o su un traghetto che solca le acque blu del Mediterraneo, il viaggio fa parte dell\u2019esperienza. Da Napoli, potete prendere un autobus, un traghetto o noleggiare un&#8217;auto per godervi il paesaggio mozzafiato verso la destinazione.<\/p>\n<p>Per scoprire queste meraviglie italiane, <a href=\"https:\/\/www.italiadelight.it\/hotel\">prenota un hotel<\/a> nella zona e raggiungi la destinazione con un <a href=\"https:\/\/www.italiadelight.it\/voli\">volo<\/a>. Un&#8217;<a href=\"https:\/\/www.italiadelight.it\/noleggio-auto\">auto a noleggio<\/a> \u00e8 il modo migliore per esplorare i dintorni. Le <a href=\"https:\/\/www.italiadelight.it\/tours\">esperienze guidate<\/a> ti portano nei luoghi pi\u00f9 belli con la competenza di guide locali.<\/p>\n","protected":false},"excerpt":{"rendered":"<p>La Costiera Amalfitana \u00e8 uno di quei luoghi che, una volta visitati, rimangono impressi nella memoria per sempre. Tra i gioielli di questa striscia di&#8230;<\/p>\n","protected":false},"author":1,"featured_media":105523,"comment_status":"open","ping_status":"closed","sticky":false,"template":"","format":"standard","meta":{"_acf_changed":false,"_seopress_robots_primary_cat":"none","_seopress_titles_title":"Scoprire la Costiera Amalfitana %%sep%% %%sitetitle%%","_seopress_titles_desc":"Esplora Amalfi nella Costiera Amalfitana: un viaggio tra bellezze naturali, storia e gastronomia unica. Scopri cosa rende questo luogo magico.","_seopress_robots_index":"","_daim_seo_power":"","_daim_enable_ail":"","footnotes":""},"categories":[1],"tags":[2878,2879,2877,279,96,2724],"class_list":{"0":"post-105518","1":"post","2":"type-post","3":"status-publish","4":"format-standard","5":"has-post-thumbnail","7":"category-cosa-vedere","8":"tag-amalfi","9":"tag-bellezze-naturali","10":"tag-costiera-amalfitana","11":"tag-gastronomia","12":"tag-storia","13":"tag-viaggio-in-italia"},"acf":[],"reading_time":6,"author_details":{"name":"Italia Delight","url":"https:\/\/www.italiadelight.it\/blog\/author\/intornoame_lpgkrx4c\/","avatar":"https:\/\/secure.gravatar.com\/avatar\/2369a15b1e6841ae500ded9532d17d83db49d6c35ebedbf39e0afce5159c2980?s=96&d=mm&r=g"},"featured_image_urls":{"full":"https:\/\/www.italiadelight.it\/blog\/wp-content\/uploads\/2024\/04\/Amalfi-in-Campania-scaled.jpg","hero":"https:\/\/www.italiadelight.it\/blog\/wp-content\/uploads\/2024\/04\/Amalfi-in-Campania-1920x1080.jpg","card":"https:\/\/www.italiadelight.it\/blog\/wp-content\/uploads\/2024\/04\/Amalfi-in-Campania-600x400.jpg","thumbnail":"https:\/\/www.italiadelight.it\/blog\/wp-content\/uploads\/2024\/04\/Amalfi-in-Campania-150x150.jpg"},"excerpt_plain":"La Costiera Amalfitana \u00e8 uno di quei luoghi che, una volta visitati, rimangono impressi nella memoria per sempre. Tra i gioielli di questa striscia di...","category_details":[{"id":1,"name":"Cosa Vedere","slug":"cosa-vedere","link":"https:\/\/www.italiadelight.it\/blog\/category\/cosa-vedere\/"}],"_links":{"self":[{"href":"https:\/\/www.italiadelight.it\/blog\/wp-json\/wp\/v2\/posts\/105518","targetHints":{"allow":["GET"]}}],"collection":[{"href":"https:\/\/www.italiadelight.it\/blog\/wp-json\/wp\/v2\/posts"}],"about":[{"href":"https:\/\/www.italiadelight.it\/blog\/wp-json\/wp\/v2\/types\/post"}],"author":[{"embeddable":true,"href":"https:\/\/www.italiadelight.it\/blog\/wp-json\/wp\/v2\/users\/1"}],"replies":[{"embeddable":true,"href":"https:\/\/www.italiadelight.it\/blog\/wp-json\/wp\/v2\/comments?post=105518"}],"version-history":[{"count":0,"href":"https:\/\/www.italiadelight.it\/blog\/wp-json\/wp\/v2\/posts\/105518\/revisions"}],"wp:featuredmedia":[{"embeddable":true,"href":"https:\/\/www.italiadelight.it\/blog\/wp-json\/wp\/v2\/media\/105523"}],"wp:attachment":[{"href":"https:\/\/www.italiadelight.it\/blog\/wp-json\/wp\/v2\/media?parent=105518"}],"wp:term":[{"taxonomy":"category","embeddable":true,"href":"https:\/\/www.italiadelight.it\/blog\/wp-json\/wp\/v2\/categories?post=105518"},{"taxonomy":"post_tag","embeddable":true,"href":"https:\/\/www.italiadelight.it\/blog\/wp-json\/wp\/v2\/tags?post=105518"}],"curies":[{"name":"wp","href":"https:\/\/api.w.org\/{rel}","templated":true}]}}