{"id":107712,"date":"2024-04-16T07:53:10","date_gmt":"2024-04-16T05:53:10","guid":{"rendered":"https:\/\/www.italiadelight.it\/?p=107712"},"modified":"2026-04-20T18:00:52","modified_gmt":"2026-04-20T16:00:52","slug":"alla-scoperta-di-malmo-una-perla-del-nord-europa","status":"publish","type":"post","link":"https:\/\/www.italiadelight.it\/blog\/fr\/alla-scoperta-di-malmo-una-perla-del-nord-europa\/","title":{"rendered":"D\u00e9couvrir Malm\u00f6 : une perle de l'Europe du Nord"},"content":{"rendered":"<p>Malm\u00f6, la terza citt\u00e0 pi\u00f9 grande della Svezia, \u00e8 un crocevia di culture, innovazione e storia che si fonde in un mix affascinante e vivace. Situata nell&#8217;estremo sud del paese, proprio di fronte a Copenhagen con cui \u00e8 connessa tramite il famoso ponte di \u00d8resund, Malm\u00f6 rappresenta un esempio eccellente di come una citt\u00e0 possa reinventarsi diventando un hub culturale e tecnologico.<\/p>\n<h2>Le riche pass\u00e9 et l'avenir innovant de Malm\u00f6<\/h2>\n<p>La <strong>Histoire de Malm\u00f6<\/strong> est un voyage intriguant \u00e0 travers le temps, marqu\u00e9 par des changements et des d\u00e9veloppements significatifs qui ont fa\u00e7onn\u00e9 la ville telle qu'elle est aujourd'hui. Petite ville de p\u00eacheurs au XIIe si\u00e8cle, Malm\u00f6 s'est rapidement transform\u00e9e en une cit\u00e9 marchande florissante. Sa situation g\u00e9ographique, sur la c\u00f4te sud de la Su\u00e8de, pr\u00e8s de l'actuel Danemark, a jou\u00e9 un r\u00f4le crucial dans son \u00e9volution, en permettant un commerce anim\u00e9 \u00e0 travers la mer Baltique.<\/p>\n<p>Au Moyen-\u00c2ge, Malm\u00f6 est devenue une ville importante. <strong>centre commercial<\/strong> per il commercio delaringo, fondamentale per l&#8217;economia della regione. Durante il XV secolo, la citt\u00e0 pass\u00f2 sotto il controllo della corona danese, un cambiamento politico che influenz\u00f2 profondamente la sua cultura e architettura. Questo periodo di appartenenza alla Danimarca ha lasciato un&#8217;impronta indelebile nella citt\u00e0, visibile ancora oggi nelle sue costruzioni storiche e nella diffusione di tradizioni e linguaggio.<\/p>\n<p>Avec l'av\u00e8nement de l'\u00e8re industrielle au 19e si\u00e8cle, Malm\u00f6 s'est \u00e0 nouveau transform\u00e9e, cette fois-ci en un centre d'affaires. <strong>grand centre industriel<\/strong>. L'introduction des industries textile, m\u00e9tallurgique et alimentaire a entra\u00een\u00e9 une augmentation significative de la population et une am\u00e9lioration de l'infrastructure de la ville. Cette p\u00e9riode d'industrialisation a modifi\u00e9 l'horizon \u00e9conomique de Malm\u00f6, jetant les bases de sa transformation future en un centre d'innovation et de technologie.<\/p>\n<figure id=\"attachment_107761\" aria-describedby=\"caption-attachment-107761\" style=\"width: 2048px\" class=\"wp-caption aligncenter\"><img data-dominant-color=\"837875\" data-has-transparency=\"false\" style=\"--dominant-color: #837875;\" fetchpriority=\"high\" decoding=\"async\" class=\"size-full wp-image-107761 not-transparent\" src=\"https:\/\/www.italiadelight.it\/wp-content\/uploads\/2024\/04\/Belle-case-sulla-strada-nel-centro-di-Malmo-Europa-scaled.jpg\" alt=\"Architecture historique de la ville au coucher du soleil.\" width=\"2048\" height=\"1368\" \/><figcaption id=\"caption-attachment-107761\" class=\"wp-caption-text\">Belles maisons dans la rue au centre de Malm\u00f6, Europe<\/figcaption><\/figure>\n<p>Au cours des 20e et 21e si\u00e8cles, la ville s'est r\u00e9solument engag\u00e9e sur la voie de la d\u00e9mocratisation. <strong>sostenibilit\u00e0 e l&#8217;innovazione<\/strong>. D'anciens sites industriels ont \u00e9t\u00e9 r\u00e9am\u00e9nag\u00e9s en espaces urbains modernes et durables. Le district de V\u00e4stra Hamnen est un exemple embl\u00e9matique de cette transformation. D'une zone industrielle, il est devenu un mod\u00e8le de durabilit\u00e9 urbaine, souvent cit\u00e9 comme un exemple d'int\u00e9gration r\u00e9ussie des habitats humains et de respect de l'environnement.<\/p>\n<p>Aujourd'hui, Malm\u00f6 est reconnue internationalement pour ses <strong>l'engagement en faveur de l'innovation \u00e9cologique<\/strong>avec des projets visant \u00e0 r\u00e9duire l'empreinte carbone de la ville et \u00e0 am\u00e9liorer la qualit\u00e9 de vie de ses citoyens. L'introduction de syst\u00e8mes de transport public respectueux de l'environnement, la construction de b\u00e2timents \u00e9conomes en \u00e9nergie et la mise en place de vastes zones vertes urbaines ne sont que quelques exemples des initiatives men\u00e9es par la ville. Malm\u00f6 reste un mod\u00e8le de coexistence productive entre l'histoire, l'innovation et le d\u00e9veloppement durable, et montre une voie vers l'avenir que d'autres villes peuvent aspirer \u00e0 suivre.<\/p>\n<h2>Turning Torso : Ic\u00f4ne de l'innovation et de la durabilit\u00e9 \u00e0 Malm\u00f6<\/h2>\n<p>Les <strong>Torse tournant<\/strong> \u00e0 Malm\u00f6 n'est pas seulement une merveille architecturale, mais aussi un puissant symbole de l'\u00e9volution urbaine et de la durabilit\u00e9. Con\u00e7u par l'architecte espagnol Santiago Calatrava, ce gratte-ciel est la plus haute structure r\u00e9sidentielle de Scandinavie et l'une des plus singuli\u00e8res au monde. Sa forme unique, qui s'enroule sur elle-m\u00eame \u00e0 mesure qu'elle s'\u00e9l\u00e8ve vers le ciel, attire non seulement le regard, mais refl\u00e8te \u00e9galement l'essence dynamique et innovante de Malm\u00f6.<\/p>\n<p>Construit en 2005, le Turning Torso s'\u00e9l\u00e8ve \u00e0 190 m\u00e8tres et compte 54 \u00e9tages. Sa structure s'inspire de la sculpture en marbre de Calatrava intitul\u00e9e \"Twisting Torso\", qui repr\u00e9sente le mouvement du corps humain. Chaque section du gratte-ciel pivote de quelques degr\u00e9s par rapport \u00e0 l'\u00e9tage inf\u00e9rieur, cr\u00e9ant un effet de torsion aussi fonctionnel qu'esth\u00e9tique. Cette conception a non seulement \u00e9tabli de nouvelles normes dans le domaine de l'ing\u00e9nierie structurelle, mais elle a \u00e9galement jet\u00e9 les bases de l'utilisation de technologies durables dans les immeubles de grande hauteur.<\/p>\n<figure id=\"attachment_107762\" aria-describedby=\"caption-attachment-107762\" style=\"width: 2048px\" class=\"wp-caption aligncenter\"><img data-dominant-color=\"547da8\" data-has-transparency=\"false\" style=\"--dominant-color: #547da8;\" decoding=\"async\" class=\"size-full wp-image-107762 not-transparent\" src=\"https:\/\/www.italiadelight.it\/wp-content\/uploads\/2024\/04\/Malmo-Turning-Torso-il-grattacielo-piu-famoso-della-Scandinavia.-Progettato-dallarchitetto-neofuturista-spagnolo-Santiago-Calatrava-scaled.jpg\" alt=\"Gratte-ciel moderne se refl\u00e9tant dans l&#039;eau sous un ciel bleu.\" width=\"2048\" height=\"1365\" \/><figcaption id=\"caption-attachment-107762\" class=\"wp-caption-text\">Malm\u00f6 Turning Torso, le gratte-ciel le plus c\u00e9l\u00e8bre de Scandinavie. Con\u00e7u par l'architecte n\u00e9o-futuriste espagnol Santiago Calatrava.<\/figcaption><\/figure>\n<p>Situ\u00e9 dans le district de V\u00e4stra Hamnen, Turning Torso se trouve dans une zone autrefois domin\u00e9e par l'industrie lourde. Ces derni\u00e8res ann\u00e9es, ce quartier a \u00e9t\u00e9 compl\u00e8tement transform\u00e9 pour devenir l'un des premiers quartiers de l'Europe. <strong>pleinement durable<\/strong> le monde. Le r\u00e9am\u00e9nagement de V\u00e4stra Hamnen comprend l'introduction de solutions de logement respectueuses de l'environnement et la cr\u00e9ation d'espaces publics qui encouragent un mode de vie sain et durable. La zone dispose d\u00e9sormais d'un syst\u00e8me de chauffage et de refroidissement utilisant les \u00e9nergies renouvelables, de vastes espaces verts et d'un acc\u00e8s direct \u00e0 la mer, le tout int\u00e9gr\u00e9 dans un contexte urbain moderne et fonctionnel.<\/p>\n<p>Les <strong>Torse tournant<\/strong> ne domine pas seulement l'horizon de Malm\u00f6, mais sert \u00e9galement de phare pour les pratiques de construction durable dans le monde entier. Sa pr\u00e9sence souligne l'engagement de la ville en faveur d'une innovation respectueuse de l'environnement et promeut un mod\u00e8le de d\u00e9veloppement que d'autres villes commencent \u00e0 suivre. En plus d'\u00eatre une r\u00e9sidence recherch\u00e9e, le Turning Torso sert de point de rep\u00e8re culturel et touristique, attirant des visiteurs du monde entier d\u00e9sireux de voir comment l'architecture moderne peut coexister harmonieusement avec des strat\u00e9gies de d\u00e9veloppement durable.<\/p>\n<p>Ce b\u00e2timent n'est pas seulement un foyer pour de nombreuses personnes, mais aussi un symbole de la vision de l'avenir de Malm\u00f6 et un exemple \u00e9loquent de la fa\u00e7on dont les villes peuvent se transformer tout en maintenant leur engagement en faveur d'un environnement plus propre et plus vivable. Avec son impact visuel et sa fonction \u00e9cologique, le Turning Torso reste un pilier de la communaut\u00e9 de Malm\u00f6 et un exemple brillant du potentiel de l'urbanisme moderne.<\/p>\n<h2>La sc\u00e8ne culturelle anim\u00e9e de Malm\u00f6 : l'art et la musique au c\u0153ur de la ville<\/h2>\n<p><strong>Malm\u00f6<\/strong>La ville, qui se distingue par son esprit d'innovation et son multiculturalisme, est \u00e9galement un centre culturel dynamique qui se distingue dans la r\u00e9gion scandinave. La ville est un creuset d'expression artistique et musicale, un lieu o\u00f9 les talents locaux et internationaux se rencontrent et partagent leurs cr\u00e9ations avec un public enthousiaste et diversifi\u00e9. La sc\u00e8ne culturelle de Malm\u00f6 ne se limite pas \u00e0 l'organisation d'\u00e9v\u00e9nements : il s'agit d'un tissu actif qui contribue de mani\u00e8re significative \u00e0 l'identit\u00e9 et \u00e0 l'attractivit\u00e9 de la ville.<\/p>\n<p>L'un des piliers de cette sc\u00e8ne est la <strong>Moderna Museet Malm\u00f6<\/strong>, una filiale del famoso museo di arte moderna e contemporanea con sede a Stoccolma. Aperto a Malm\u00f6 nel 2009, questo museo si trova nell&#8217;antico edificio di una centrale elettrica, sapientemente ristrutturato per adattarsi alle necessit\u00e0 di uno spazio espositivo moderno. Il Moderna Museet Malm\u00f6 non solo arricchisce la vita culturale della citt\u00e0 con le sue mostre di alto profilo, ma funge anche da punto di incontro per dibattiti e attivit\u00e0 educative che stimolano la riflessione e la partecipazione attiva della comunit\u00e0 locale. Le sue collezioni e mostre temporanee includono opere di artisti svedesi e internazionali, rendendolo uno dei musei pi\u00f9 apprezzati e visitati in Scandinavia.<\/p>\n<figure id=\"attachment_107760\" aria-describedby=\"caption-attachment-107760\" style=\"width: 2048px\" class=\"wp-caption aligncenter\"><img data-dominant-color=\"836258\" data-has-transparency=\"false\" style=\"--dominant-color: #836258;\" decoding=\"async\" class=\"size-full wp-image-107760 not-transparent\" src=\"https:\/\/www.italiadelight.it\/wp-content\/uploads\/2024\/04\/Ingresso-del-Moderna-museet-Malmo-museo-di-arte-moderna-e-contemporanea-situato-a-Malmo-Svezia-scaled.jpg\" alt=\"Entr\u00e9e d&#039;un mus\u00e9e moderne avec une affiche d&#039;exposition.\" width=\"2048\" height=\"1150\" \/><figcaption id=\"caption-attachment-107760\" class=\"wp-caption-text\">Entr\u00e9e du Moderna museet Malm\u00f6, un mus\u00e9e d'art moderne et contemporain situ\u00e9 \u00e0 Malm\u00f6, en Su\u00e8de.<\/figcaption><\/figure>\n<p>Tout aussi pertinente est la <strong>Op\u00e9ra de Malm\u00f6<\/strong>qui est un autre centre culturel de la ville. Cet op\u00e9ra, l'un des plus grands et des plus avanc\u00e9s techniquement de Scandinavie, est connu pour son architecture impressionnante et la qualit\u00e9 de ses productions. Fond\u00e9 en 1944, il a continu\u00e9 \u00e0 pr\u00e9senter un large r\u00e9pertoire allant des op\u00e9ras classiques aux op\u00e9ras modernes, attirant non seulement les amateurs d'op\u00e9ra mais aussi de nouveaux publics gr\u00e2ce \u00e0 des productions innovantes et accessibles. L'op\u00e9ra de Malm\u00f6 est r\u00e9put\u00e9 pour sa capacit\u00e9 \u00e0 combiner le respect des traditions de l'op\u00e9ra avec une approche avant-gardiste, en pr\u00e9sentant des \u0153uvres qui sont \u00e0 la fois techniquement impeccables et \u00e9motionnellement engageantes.<\/p>\n<figure id=\"attachment_107759\" aria-describedby=\"caption-attachment-107759\" style=\"width: 2048px\" class=\"wp-caption aligncenter\"><img data-dominant-color=\"272320\" data-has-transparency=\"false\" style=\"--dominant-color: #272320;\" loading=\"lazy\" decoding=\"async\" class=\"size-full wp-image-107759 not-transparent\" src=\"https:\/\/www.italiadelight.it\/wp-content\/uploads\/2024\/04\/il-Teatro-dellOpera-e-uno-degli-auditorium-piu-grandi-della-Scandinavia-con-1.508-posti-a-sedere-scaled.jpg\" alt=\"Fa\u00e7ade illumin\u00e9e de l&#039;op\u00e9ra de Malm\u00f6.\" width=\"2048\" height=\"1442\" \/><figcaption id=\"caption-attachment-107759\" class=\"wp-caption-text\">L'Op\u00e9ra est l'un des plus grands auditoriums de Scandinavie avec ses 1 508 places.<\/figcaption><\/figure>\n<p>L'impact de la <strong>culture \u00e0 Malm\u00f6<\/strong> va au-del\u00e0 du divertissement et de l'\u00e9ducation ; c'est un catalyseur du d\u00e9veloppement social et \u00e9conomique. Gr\u00e2ce \u00e0 la musique, \u00e0 l'art et au th\u00e9\u00e2tre, Malm\u00f6 montre comment la culture peut favoriser le dialogue interculturel, stimuler la cr\u00e9ativit\u00e9 locale et attirer des visiteurs et des talents du monde entier. La ville est un exemple brillant de la mani\u00e8re dont l'investissement et l'attention port\u00e9e \u00e0 la culture peuvent transformer une zone urbaine et en faire un lieu plus vivable, plus inclusif et plus stimulant.<\/p>\n<p>Gr\u00e2ce \u00e0 ses institutions culturelles exceptionnelles, Malm\u00f6 enrichit non seulement la vie de ses citoyens, mais se positionne \u00e9galement comme l'une des destinations culturelles les plus importantes d'Europe du Nord. Cette effervescence artistique et musicale est essentielle non seulement pour la qualit\u00e9 de la vie urbaine, mais aussi comme \u00e9l\u00e9ment distinctif de la ville sur la sc\u00e8ne internationale.<\/p>\n<p>En ce qui concerne les <strong>gastronomie<\/strong>Malm\u00f6 poss\u00e8de une sc\u00e8ne culinaire \u00e9clectique qui refl\u00e8te sa population cosmopolite. Des restaurants \u00e9toil\u00e9s au Michelin aux caf\u00e9s de quartier servant des plats du monde entier, il y en a pour tous les palais. Le march\u00e9 alimentaire de M\u00f6llev\u00e5ngstorget est un lieu incontournable pour les amateurs de cuisine, o\u00f9 vous trouverez des ingr\u00e9dients frais et authentiques pour cuisiner ou simplement pour manger sur le pouce.<\/p>\n<h2>Un voyage culinaire au c\u0153ur de Malm\u00f6 : diversit\u00e9 et qualit\u00e9 \u00e0 table<\/h2>\n<p>Malm\u00f6, avec son riche m\u00e9lange de cultures, s'est impos\u00e9e comme l'une des capitales gastronomiques les plus intrigantes de Scandinavie. Les <strong>La gastronomie \u00e0 Malm\u00f6<\/strong> est le reflet direct de sa d\u00e9mographie bigarr\u00e9e, avec une sc\u00e8ne culinaire qui accueille et c\u00e9l\u00e8bre les saveurs de tous les coins du monde. Cette ville portuaire, point de rencontre historique de diff\u00e9rentes cultures, offre une exp\u00e9rience culinaire aussi vari\u00e9e qu'excellente, qui se manifeste par un large \u00e9ventail de restaurants, de caf\u00e9s et de march\u00e9s.<\/p>\n<p>I <strong>Restaurants \u00e9toil\u00e9s<\/strong> \u00e0 Malm\u00f6 t\u00e9moignent de la grande qualit\u00e9 et de l'innovation de la ville dans le domaine de la restauration. Ces \u00e9tablissements, r\u00e9put\u00e9s pour leur excellence culinaire, proposent des menus sophistiqu\u00e9s qui m\u00ealent souvent influences internationales et techniques modernes, tout en utilisant des ingr\u00e9dients locaux et durables. La pr\u00e9sence de ces restaurants de haute cuisine enrichit non seulement l'offre gastronomique de la ville, mais contribue \u00e9galement \u00e0 attirer des visiteurs du monde entier, d\u00e9sireux de d\u00e9couvrir les tendances culinaires les plus pointues.<\/p>\n<figure id=\"attachment_107766\" aria-describedby=\"caption-attachment-107766\" style=\"width: 2048px\" class=\"wp-caption aligncenter\"><img data-dominant-color=\"586988\" data-has-transparency=\"false\" style=\"--dominant-color: #586988;\" loading=\"lazy\" decoding=\"async\" class=\"size-full wp-image-107766 not-transparent\" src=\"https:\/\/www.italiadelight.it\/wp-content\/uploads\/2024\/04\/Edifici-storici-e-persone-nei-bar-e-nei-ristoranti-della-Piazza-Piccola-di-Malmo-scaled.jpg\" alt=\"Place de la ville bond\u00e9e, b\u00e2timents historiques et ciel d\u00e9gag\u00e9.\" width=\"2048\" height=\"1365\" \/><figcaption id=\"caption-attachment-107766\" class=\"wp-caption-text\">B\u00e2timents historiques et personnes dans les bars et restaurants de la Petite Place de Malm\u00f6<\/figcaption><\/figure>\n<p>En parall\u00e8le, le <strong>caf\u00e9s de quartier<\/strong> Les caf\u00e9s de Malm\u00f6 offrent une atmosph\u00e8re plus d\u00e9tendue mais une diversit\u00e9 non moins riche. Ces caf\u00e9s sont souvent des lieux de rencontre pour la communaut\u00e9 locale et proposent aussi bien des classiques su\u00e9dois comme le \"fika\" - une pause caf\u00e9 avec un dessert - que des plats plus exotiques qui refl\u00e8tent les diff\u00e9rentes communaut\u00e9s immigr\u00e9es de la ville. Les caf\u00e9s ne sont pas seulement des lieux de restauration, mais des espaces sociaux o\u00f9 les langues et les cultures se m\u00e9langent, cr\u00e9ant une atmosph\u00e8re accueillante et inclusive.<\/p>\n<p>Un autre point de rep\u00e8re pour ceux qui recherchent une exp\u00e9rience gastronomique authentique est le <strong>March\u00e9 alimentaire de M\u00f6llev\u00e5ngstorget<\/strong>. Ce march\u00e9 anim\u00e9 est le c\u0153ur battant de la vie culinaire de la ville, c\u00e9l\u00e8bre pour sa gamme d'ingr\u00e9dients frais et de qualit\u00e9. Les amateurs de cuisine peuvent y d\u00e9couvrir des \u00e9tals qui vendent de tout, des fruits et l\u00e9gumes frais aux \u00e9pices exotiques en passant par les produits alimentaires internationaux. M\u00f6llev\u00e5ngstorget n'est pas seulement un lieu de shopping ; c'est une f\u00eate pour les sens, o\u00f9 l'on peut d\u00e9couvrir de nouvelles saveurs et rencontrer des gens de toutes nationalit\u00e9s.<\/p>\n<p>La gastronomie de Malm\u00f6, avec sa capacit\u00e9 \u00e0 combiner tradition et innovation, \u00e0 c\u00e9l\u00e9brer \u00e0 la fois le local et l'international, est un exemple brillant de la fa\u00e7on dont la nourriture peut \u00eatre un pont entre les diff\u00e9rentes cultures. <strong>Malm\u00f6 offre une palette de saveurs qui invite les visiteurs et les r\u00e9sidents \u00e0 d\u00e9couvrir et \u00e0 appr\u00e9cier un paysage culinaire en constante \u00e9volution.<\/strong>faire de chaque repas une aventure et de chaque bouch\u00e9e une d\u00e9couverte.<\/p>\n<h2>Malm\u00f6 : un carrefour d'histoire, de culture et de d\u00e9veloppement durable<\/h2>\n<p>Pour conclure notre voyage \u00e0 travers <strong>Malm\u00f6<\/strong>il est \u00e9vident que cette ville n'est pas seulement une destination touristique avec <strong>attrazioni uniche<\/strong> et un <strong>une vie culturelle dynamique<\/strong>mais repr\u00e9sente \u00e9galement un mod\u00e8le exemplaire de la fa\u00e7on dont la modernit\u00e9 et la durabilit\u00e9 peuvent \u00eatre int\u00e9gr\u00e9es de mani\u00e8re transparente. La ville offre un large \u00e9ventail d'exp\u00e9riences qui peuvent attirer des visiteurs de toutes sortes, des passionn\u00e9s d'histoire aux amateurs d'art, des f\u00e9rus de technologie \u00e0 ceux qui sont \u00e0 la recherche de nouvelles aventures culinaires.<\/p>\n<p>Malm\u00f6 se distingue par sa capacit\u00e9 \u00e0 embrasser le nouveau tout en conservant ses racines historiques. La ville a su transformer ses espaces urbains en lieux durables et ultramodernes sans sacrifier le patrimoine historique qui la rend unique. Les b\u00e2timents historiques coexistent avec une architecture moderne telle que le Turning Torso, symbole d'innovation et de design futuriste. Cette coexistence de l'ancien et du nouveau est palpable dans chaque recoin de la ville, faisant de Malm\u00f6 un lieu fascinant et dynamique, offrant toujours de nouvelles perspectives et de nouveaux stimuli.<\/p>\n<figure id=\"attachment_107758\" aria-describedby=\"caption-attachment-107758\" style=\"width: 2000px\" class=\"wp-caption aligncenter\"><img data-dominant-color=\"cac9be\" data-has-transparency=\"false\" style=\"--dominant-color: #cac9be;\" loading=\"lazy\" decoding=\"async\" class=\"size-full wp-image-107758 not-transparent\" src=\"https:\/\/www.italiadelight.it\/wp-content\/uploads\/2024\/04\/Inquadratura-delledificio-piu-alto-della-Svezia-chiamato-Turning-Torso.-Situato-a-Malmo-visibile-anche-da-Copenhagen-Danimarca.jpg\" alt=\"Gratte-ciel moderne sur le front de mer au coucher du soleil.\" width=\"2000\" height=\"1500\" srcset=\"https:\/\/www.italiadelight.it\/blog\/wp-content\/uploads\/2024\/04\/Inquadratura-delledificio-piu-alto-della-Svezia-chiamato-Turning-Torso.-Situato-a-Malmo-visibile-anche-da-Copenhagen-Danimarca.jpg 2000w, https:\/\/www.italiadelight.it\/blog\/wp-content\/uploads\/2024\/04\/Inquadratura-delledificio-piu-alto-della-Svezia-chiamato-Turning-Torso.-Situato-a-Malmo-visibile-anche-da-Copenhagen-Danimarca-300x225.jpg 300w, https:\/\/www.italiadelight.it\/blog\/wp-content\/uploads\/2024\/04\/Inquadratura-delledificio-piu-alto-della-Svezia-chiamato-Turning-Torso.-Situato-a-Malmo-visibile-anche-da-Copenhagen-Danimarca-1024x768.jpg 1024w, https:\/\/www.italiadelight.it\/blog\/wp-content\/uploads\/2024\/04\/Inquadratura-delledificio-piu-alto-della-Svezia-chiamato-Turning-Torso.-Situato-a-Malmo-visibile-anche-da-Copenhagen-Danimarca-768x576.jpg 768w, https:\/\/www.italiadelight.it\/blog\/wp-content\/uploads\/2024\/04\/Inquadratura-delledificio-piu-alto-della-Svezia-chiamato-Turning-Torso.-Situato-a-Malmo-visibile-anche-da-Copenhagen-Danimarca-1536x1152.jpg 1536w, https:\/\/www.italiadelight.it\/blog\/wp-content\/uploads\/2024\/04\/Inquadratura-delledificio-piu-alto-della-Svezia-chiamato-Turning-Torso.-Situato-a-Malmo-visibile-anche-da-Copenhagen-Danimarca-16x12.jpg 16w, https:\/\/www.italiadelight.it\/blog\/wp-content\/uploads\/2024\/04\/Inquadratura-delledificio-piu-alto-della-Svezia-chiamato-Turning-Torso.-Situato-a-Malmo-visibile-anche-da-Copenhagen-Danimarca-400x300.jpg 400w\" sizes=\"(max-width: 2000px) 100vw, 2000px\" \/><figcaption id=\"caption-attachment-107758\" class=\"wp-caption-text\">Prise de vue du plus haut b\u00e2timent de Su\u00e8de, le Turning Torso. Situ\u00e9 \u00e0 Malm\u00f6, il est \u00e9galement visible depuis Copenhague, au Danemark.<\/figcaption><\/figure>\n<p>L'<strong>L'engagement de Malm\u00f6 en faveur du d\u00e9veloppement durable<\/strong> est visible non seulement dans ses politiques environnementales, mais aussi dans la vie urbaine de tous les jours. Des syst\u00e8mes de transport public respectueux de l'environnement aux projets publics \u00e9cologiques, chaque aspect de la ville est con\u00e7u pour promouvoir un mode de vie durable. Malm\u00f6 est activement engag\u00e9e dans la promotion d'un avenir plus vert gr\u00e2ce \u00e0 des initiatives qui r\u00e9duisent l'impact sur l'environnement et am\u00e9liorent la qualit\u00e9 de vie de ses habitants.<\/p>\n<p>Si votre curiosit\u00e9 pour Malm\u00f6 ou d'autres destinations fascinantes n'est pas encore satisfaite, je suis l\u00e0 pour vous aider. Je peux vous proposer <strong>informations d\u00e9taill\u00e9es<\/strong> su specifici aspetti di Malm\u00f6 o suggerirti altre citt\u00e0 che incarnano lo stesso spirito di innovazione e vivacit\u00e0 culturale. La mia guida pu\u00f2 aiutarti a scoprire non solo i luoghi pi\u00f9 iconici ma anche quelli meno noti, quei tesori nascosti che solo i locali conoscono.<\/p>\n<p>Que vous planifiez une visite ou que vous r\u00eaviez simplement de nouvelles destinations \u00e0 explorer, Malm\u00f6 est un point de d\u00e9part id\u00e9al. La ville offre une multitude d'exp\u00e9riences qui peuvent enrichir le corps et l'esprit, ce qui en fait une destination incontournable pour tous ceux qui souhaitent voir un exemple vivant de la fa\u00e7on dont l'avenir peut \u00eatre \u00e0 la fois moderne et respectueux de la tradition et de l'environnement. N'h\u00e9sitez pas \u00e0 poursuivre votre exploration et \u00e0 d\u00e9couvrir tout ce que Malm\u00f6 a \u00e0 offrir.<\/p>\n<p>Per scoprire queste meraviglie italiane, <a href=\"https:\/\/www.italiadelight.it\/blog\/fr\/hotel\/\">prenota un hotel<\/a> nella zona e raggiungi la destinazione con un <a href=\"https:\/\/www.italiadelight.it\/blog\/fr\/voli\/\">volo<\/a>. Un&#8217;<a href=\"https:\/\/www.italiadelight.it\/blog\/fr\/noleggio-auto\/\">auto a noleggio<\/a> \u00e8 il modo migliore per esplorare i dintorni. Le <a href=\"https:\/\/www.italiadelight.it\/blog\/fr\/tours\/\">esperienze guidate<\/a> ti portano nei luoghi pi\u00f9 belli con la competenza di guide locali.<\/p>","protected":false},"excerpt":{"rendered":"<p>Malm\u00f6, la terza citt\u00e0 pi\u00f9 grande della Svezia, \u00e8 un crocevia di culture, innovazione e storia che si fonde in un mix affascinante e vivace&#8230;.<\/p>","protected":false},"author":1,"featured_media":107763,"comment_status":"open","ping_status":"closed","sticky":false,"template":"","format":"standard","meta":{"_acf_changed":false,"_seopress_robots_primary_cat":"none","_seopress_titles_title":"Alla Scoperta di Malm\u00f6 %%sep%% %%sitetitle%%","_seopress_titles_desc":"Esplora le attrazioni, la cultura e la gastronomia di Malm\u00f6 in questa guida dettagliata alla citt\u00e0 svedese.","_seopress_robots_index":"","_daim_seo_power":"","_daim_enable_ail":"","footnotes":""},"categories":[2725],"tags":[3061,3062,3063,3060,3059],"class_list":{"0":"post-107712","1":"post","2":"type-post","3":"status-publish","4":"format-standard","5":"has-post-thumbnail","7":"category-non-solo-italia","8":"tag-attrazioni-malmo","9":"tag-cultura-malmo","10":"tag-gastronomia-malmo","11":"tag-guida-turistica-malmo","12":"tag-malmo"},"acf":[],"reading_time":12,"author_details":{"name":"D\u00e9lices d'Italie","url":"https:\/\/www.italiadelight.it\/blog\/fr\/author\/intornoame_lpgkrx4c\/","avatar":"https:\/\/secure.gravatar.com\/avatar\/2369a15b1e6841ae500ded9532d17d83db49d6c35ebedbf39e0afce5159c2980?s=96&d=mm&r=g"},"featured_image_urls":{"full":"https:\/\/www.italiadelight.it\/blog\/wp-content\/uploads\/2024\/04\/Bellissimo-paesaggio-urbano-con-tramonto-sul-canale-e-sullo-skyline-di-Malmo-Svezia-scaled.jpg","hero":"https:\/\/www.italiadelight.it\/blog\/wp-content\/uploads\/2024\/04\/Bellissimo-paesaggio-urbano-con-tramonto-sul-canale-e-sullo-skyline-di-Malmo-Svezia-1920x1080.jpg","card":"https:\/\/www.italiadelight.it\/blog\/wp-content\/uploads\/2024\/04\/Bellissimo-paesaggio-urbano-con-tramonto-sul-canale-e-sullo-skyline-di-Malmo-Svezia-600x400.jpg","thumbnail":"https:\/\/www.italiadelight.it\/blog\/wp-content\/uploads\/2024\/04\/Bellissimo-paesaggio-urbano-con-tramonto-sul-canale-e-sullo-skyline-di-Malmo-Svezia-150x150.jpg"},"excerpt_plain":"Malm\u00f6, la terza citt\u00e0 pi\u00f9 grande della Svezia, \u00e8 un crocevia di culture, innovazione e storia che si fonde in un mix affascinante e vivace....","category_details":[{"id":2725,"name":"Pas seulement l'Italie","slug":"pas-seulement-litalie","link":"https:\/\/www.italiadelight.it\/blog\/fr\/category\/non-solo-italia\/"}],"_links":{"self":[{"href":"https:\/\/www.italiadelight.it\/blog\/fr\/wp-json\/wp\/v2\/posts\/107712","targetHints":{"allow":["GET"]}}],"collection":[{"href":"https:\/\/www.italiadelight.it\/blog\/fr\/wp-json\/wp\/v2\/posts"}],"about":[{"href":"https:\/\/www.italiadelight.it\/blog\/fr\/wp-json\/wp\/v2\/types\/post"}],"author":[{"embeddable":true,"href":"https:\/\/www.italiadelight.it\/blog\/fr\/wp-json\/wp\/v2\/users\/1"}],"replies":[{"embeddable":true,"href":"https:\/\/www.italiadelight.it\/blog\/fr\/wp-json\/wp\/v2\/comments?post=107712"}],"version-history":[{"count":0,"href":"https:\/\/www.italiadelight.it\/blog\/fr\/wp-json\/wp\/v2\/posts\/107712\/revisions"}],"wp:featuredmedia":[{"embeddable":true,"href":"https:\/\/www.italiadelight.it\/blog\/fr\/wp-json\/wp\/v2\/media\/107763"}],"wp:attachment":[{"href":"https:\/\/www.italiadelight.it\/blog\/fr\/wp-json\/wp\/v2\/media?parent=107712"}],"wp:term":[{"taxonomy":"category","embeddable":true,"href":"https:\/\/www.italiadelight.it\/blog\/fr\/wp-json\/wp\/v2\/categories?post=107712"},{"taxonomy":"post_tag","embeddable":true,"href":"https:\/\/www.italiadelight.it\/blog\/fr\/wp-json\/wp\/v2\/tags?post=107712"}],"curies":[{"name":"wp","href":"https:\/\/api.w.org\/{rel}","templated":true}]}}