{"id":653331,"date":"2026-03-12T12:30:00","date_gmt":"2026-03-12T11:30:00","guid":{"rendered":"http:\/\/www.italiadelight.it\/blog\/kaesefestival-2026-campo-tures-festival-formaggio-valle-aurina\/"},"modified":"2026-04-20T17:58:48","modified_gmt":"2026-04-20T15:58:48","slug":"kaesefestival-2026-campo-tures-festival-formaggio-valle-aurina","status":"publish","type":"post","link":"https:\/\/www.italiadelight.it\/blog\/en\/kaesefestival-2026-campo-tures-festival-formaggio-valle-aurina\/","title":{"rendered":"K\u00e4sefestival 2026 a Campo Tures: tre giorni nel cuore del formaggio alpino in Valle Aurina"},"content":{"rendered":"<p>C&#8217;\u00e8 un momento preciso in cui capisci di essere arrivato. Non \u00e8 quando leggi il cartello di <em>Sand in Taufers<\/em> sulla Statale 621, n\u00e9 quando il Castello di Tures appare sullo sperone roccioso come una sentinella di pietra. \u00c8 quando l&#8217;aria cambia. Un profumo denso, stratificato, antico ti avvolge prima ancora di varcare la soglia del <em>Padiglione della Musica<\/em>: \u00e8 l&#8217;odore di quasi mille formaggi riuniti sotto lo stesso tetto, il respiro collettivo di un&#8217;intera valle che vive di latte, di malghe, di gesti tramandati.<\/p>\n<p>Benvenuto al <strong>K\u00e4sefestival 2026 di Campo Tures<\/strong>, la 16\u00aa edizione del pi\u00f9 importante festival del formaggio artigianale d&#8217;Italia. Dal <strong>13 al 15 marzo 2026<\/strong>, questo borgo di meno di seimila abitanti nel cuore della <em>Valle Aurina<\/em> si trasforma in un pellegrinaggio internazionale del gusto, con oltre cento espositori da mezza Europa, degustazioni guidate, show cooking e laboratori sensoriali che non troverai in nessun altro luogo.<\/p>\n<p>Se ami il formaggio \u2014 quello vero, quello che racconta storie di mani ruvide e pascoli d&#8217;altura \u2014 preparati a vivere un&#8217;esperienza che cambia il modo di guardare un tagliere per sempre.<\/p>\n<h2>Valle Aurina: dove le montagne custodiscono il sapore<\/h2>\n<p>Per capire il festival, devi prima capire il luogo. <em>Campo Tures<\/em> \u2014 in tedesco <em>Sand in Taufers<\/em> \u2014 \u00e8 il capoluogo della Valle Aurina, una delle valli alpine pi\u00f9 spettacolari dell&#8217;Alto Adige. Sopra di te svettano ottanta cime oltre i tremila metri, e l&#8217;orizzonte \u00e8 custodito dal profilo imponente del <em>Parco Naturale delle Vedrette di Ries-Aurina<\/em>: ghiacciai, laghi, cascate, boschi di conifere che sembrano dipinti.<\/p>\n<p>Siamo all&#8217;estremo nord d&#8217;Italia, a pochi chilometri dal confine austriaco, dove si trova anche la <em>Vetta d&#8217;Italia<\/em>, il punto pi\u00f9 settentrionale del Paese. Eppure non c&#8217;\u00e8 nulla di periferico in questo angolo di mondo: qui la tradizione casearia \u00e8 cultura viva, tramandata nei <em>masi<\/em> isolati di montagna con una dedizione che lascia senza fiato.<\/p>\n<p>Se il Trentino-Alto Adige \u00e8 gi\u00e0 nel tuo cuore, scopri anche il <a href=\"http:\/\/www.italiadelight.it\/blog\/en\/il-respiro-della-grappa-viaggio-tra-le-distillerie-di-santa-massenza\/\">viaggio tra le distillerie di Santa Massenza<\/a> o lasciati incantare dalla <a href=\"http:\/\/www.italiadelight.it\/blog\/en\/i-mercatini-di-natale-in-trentino-alto-adige-magia-e-sapori-autentici\/\">magia dei mercatini natalizi trentini<\/a>.<\/p>\n<h2>Il Grauk\u00e4se: l&#8217;anima grigia della Valle Aurina<\/h2>\n<p>Il vero protagonista del K\u00e4sefestival ha un nome che suona come una poesia aspra di montagna: <strong>Grauk\u00e4se<\/strong>the <em>formaggio grigio<\/em>. Ed \u00e8 qui che il festival smette di essere una semplice fiera e diventa un atto di resistenza culturale.<\/p>\n<p>Il Grauk\u00e4se appartiene alla famiglia dei <em>Sauerk\u00e4se<\/em>, formaggi a coagulazione acida che non prevedono l&#8217;utilizzo del caglio \u2014 una tecnica antichissima, pre-tecnologica, che lo colloca tra i prodotti di sussistenza della magra economia montanara di un tempo. Si produce con il latte scremato avanzato dalla produzione del burro: nulla si spreca, tutto si trasforma. Il risultato \u00e8 forse il formaggio pi\u00f9 magro d&#8217;Europa, con meno del 2% di materia grassa sul residuo secco.<\/p>\n<p>Sapessi quante verit\u00e0 nascoste impari parlando con chi fa questo mestiere. Le prime attestazioni scritte risalgono al 1325, nei registri di <em>Castel Badia<\/em>, dove le monache nobili ricevevano le decime in Grauk\u00e4se \u2014 specialmente quello di <em>Rio Bianco<\/em>, considerato il migliore. Per secoli la produzione fu nelle mani delle donne: gesti appresi guardando, ricette mai scritte che vivevano nella memoria delle mani.<\/p>\n<p>Oggi il <strong>Grauk\u00e4se della Valle Aurina \u00e8 Presidio Slow Food dal 2004<\/strong>, a tutela di una produzione limitata e fortemente legata al territorio. Sono rimasti circa trenta casari a produrlo, ma solo quattro hanno una rivendita commerciale attiva. Un numero che racconta quanto sia fragile questa tradizione \u2014 e quanto sia prezioso un festival che la celebra.<\/p>\n<h2>Il programma del K\u00e4sefestival 2026: cosa ti aspetta<\/h2>\n<p>Tre giorni, dalle <strong>10:00 alle 19:00<\/strong>, nel Padiglione della Musica e nell&#8217;area espositiva del centro di Campo Tures. Il programma della 16\u00aa edizione non lascia nulla al caso, e alterna momenti di pura golosit\u00e0 ad approfondimenti tecnici di altissimo livello.<\/p>\n<h3>Laboratori del Gusto<\/h3>\n<p>Sono il cuore pulsante del festival: incontri di circa <strong>45 minuti<\/strong> guidati da esperti caseari provenienti da tutta Europa, con traduzione simultanea in italiano. Non semplici degustazioni, ma veri viaggi sensoriali dove impari a leggere la pasta, a riconoscere le muffe, a capire come un pascolo diverso cambi tutto il profilo aromatico di un formaggio.<\/p>\n<p>Tra gli appuntamenti imperdibili dell&#8217;edizione 2026, la <strong>degustazione guidata da Hansi Baumgartner<\/strong>, il celebre affinatore di Varna \u2014 quel piccolo borgo a 700 metri appena fuori Bressanone \u2014 dove potrai assaggiare un formaggio affinato in un bunker della Seconda Guerra Mondiale, con polvere di pere. Un&#8217;esperienza che ti fa capire come il confine tra artigianato e arte possa dissolversi in un boccone.<\/p>\n<h3>Show cooking nella cucina aperta<\/h3>\n<p>Chef stellati e cuochi del territorio si alternano in una <strong>cucina aperta al pubblico<\/strong>, mostrando ricette e interpretazioni contemporanee del formaggio. Non \u00e8 solo spettacolo: \u00e8 un modo per comprendere come il formaggio possa vivere ben oltre il tagliere, in sinergia con la cucina di montagna e non solo.<\/p>\n<h3>L&#8217;accademia norvegese Osteperler<\/h3>\n<p>La grande novit\u00e0 internazionale di questa edizione arriva dalla Norvegia. <strong>Osteperler<\/strong>, l&#8217;accademia del formaggio fondata da <em>Jan Peter Aursnes<\/em> \u2014 esperto di formaggi a latte crudo, giudice ai World Cheese Awards e autore del libro <em>Mine osteperler<\/em> \u2014 porta a Campo Tures due degustazioni dedicate ai formaggi norvegesi.<\/p>\n<p>Si parler\u00e0 in particolare del <strong>Gamalost<\/strong>, il pi\u00f9 antico e autoctono formaggio della Norvegia: un formaggio a coagulazione acida, sorprendentemente simile al Grauk\u00e4se, oggi a forte rischio di estinzione. Due tradizioni casearie che si specchiano l&#8217;una nell&#8217;altra, separate da duemila chilometri ma unite dalla stessa urgenza di sopravvivenza. Un dialogo che da solo vale il viaggio.<\/p>\n<h2>Tina Marcelli: la chef che \u00e8 tornata a casa per raccontare la sua valle<\/h2>\n<p>Tra i protagonisti dell&#8217;edizione 2026 c&#8217;\u00e8 una donna che incarna lo spirito stesso di questo territorio: <strong>Tina Marcelli<\/strong>, <em>Food Ambassador della Valle Aurina<\/em>. Nata e cresciuta a <em>Cadipietra<\/em>, nel cuore della valle, Tina ha conquistato la <strong>Stella Verde Michelin<\/strong> per la sostenibilit\u00e0 e il titolo di <strong>&#8220;Sorpresa dell&#8217;Anno&#8221;<\/strong> da Identit\u00e0 Golose, oltre a <strong>4 Toque e Chef dell&#8217;Anno nella guida Gault&amp;Millau<\/strong>.<\/p>\n<p>La sua cucina \u00e8 un inno alla micro-stagionalit\u00e0 e al chilometro zero: ogni piatto \u00e8 un racconto di radici profonde, dai ricordi di nonna Rosa alle materie prime dei masi pi\u00f9 isolati. Al K\u00e4sefestival la troverai sabato 14 marzo, alle ore 12, accanto a Hansi Baumgartner, per una degustazione che intreccia alta cucina e sapere caseario antico.<\/p>\n<p>Se la filosofia del territorio e della sostenibilit\u00e0 ti appassiona, potresti amare anche le <a href=\"http:\/\/www.italiadelight.it\/blog\/en\/il-viaggio-sensoriale-tra-le-distillerie-della-grappa-trentina\/\">degustazioni di grappe trentine<\/a> o il racconto della <a href=\"http:\/\/www.italiadelight.it\/blog\/en\/nosiola-vino-santo-trentino-garda\/\">Nosiola e del Vino Santo trentino<\/a>.<\/p>\n<h2>Giornate delle Specialit\u00e0: quando tutta la valle diventa ristorante<\/h2>\n<p>Il K\u00e4sefestival non si esaurisce nel padiglione. Dal <strong>13 al 22 marzo 2026<\/strong>, i ristoranti di Campo Tures e <em>Molini di Tures<\/em> aderiscono alle <strong>Giornate delle Specialit\u00e0<\/strong>: men\u00f9 ampliati con piatti speciali a base di formaggio, creazioni che mescolano tradizione alpina e creativit\u00e0 contemporanea. Ti basta uscire dal festival e sederti in una <em>Stube<\/em> qualsiasi per continuare il viaggio.<\/p>\n<p>\u00c8 questo il bello di un evento che coinvolge un intero territorio: non sei mai soltanto spettatore, ma parte di una comunit\u00e0 che vive e respira formaggio in ogni vicolo, in ogni bottega, in ogni cucina.<\/p>\n<h2>Un festival premiato: il GIST Food Travel Award<\/h2>\n<p>Se ancora non sei convinto, sappi che il K\u00e4sefestival di Campo Tures ha ricevuto il <strong>GIST Food Travel Award 2024<\/strong> such as <strong>miglior evento enogastronomico italiano<\/strong>, assegnato dal Gruppo Italiano Stampa Turistica. Un riconoscimento che si aggiunge alla nomina di Campo Tures come <strong>&#8220;Citt\u00e0 del Formaggio&#8221;<\/strong> da parte dell&#8217;ONAF \u2014 Organizzazione Nazionale Assaggiatori di Formaggi.<\/p>\n<p>Dietro tutto questo c&#8217;\u00e8 la visione di <strong>Martin Pircher<\/strong>, imprenditore e coordinatore del festival, che un quarto di secolo fa ha immaginato un evento capace di ridare dignit\u00e0 economica e culturale al Grauk\u00e4se e alla vita dei masi pi\u00f9 isolati.<\/p>\n<h2>Famiglie e bambini: laboratori per piccoli topini del formaggio<\/h2>\n<p>Il K\u00e4sefestival pensa anche ai pi\u00f9 piccoli con un programma che trasforma i bambini in apprendisti casari. Preparazione del tiramis\u00f9 all&#8217;arancia con mascarpone il venerd\u00ec, lavorazione della mozzarella e scoperta del burro appena sbattuto il sabato, dimostrazione della centrifuga del latte e mousse al cioccolato la domenica. Laboratori dolciari guidati dal pasticciere <em>Werner Oberhuber<\/em> con <em>Topfenkn\u00f6del<\/em>, panna cotta e una spettacolare fontana di cioccolato completano l&#8217;offerta.<\/p>\n<p>E nella biblioteca pubblica troverai persino una <strong>mostra di libri dedicati al formaggio<\/strong>: perch\u00e9 il sapere caseario si nutre anche di pagine.<\/p>\n<h2>Informazioni pratiche per visitare il K\u00e4sefestival 2026<\/h2>\n<ul>\n<li><strong>Date:<\/strong> 13\u201315 marzo 2026 (venerd\u00ec, sabato e domenica)<\/li>\n<li><strong>Orari:<\/strong> 10:00\u201319:00 tutti i giorni<\/li>\n<li><strong>Luogo:<\/strong> Padiglione della Musica, Campo Tures (BZ), Valle Aurina<\/li>\n<li><strong>Sito ufficiale:<\/strong> kaesefestival.com \/ festivaldelformaggio.com<\/li>\n<li><strong>Telephone:<\/strong> +39 0474 678 076<\/li>\n<\/ul>\n<h3>Come arrivare<\/h3>\n<ul>\n<li><strong>In auto:<\/strong> Passo del Brennero \u2192 uscita Val Pusteria \u2192 Brunico \u2192 bivio Valle Aurina \u2192 Campo Tures. Parcheggio bus all&#8217;estremit\u00e0 nord del paese; parcheggi nei due garage centrali e in centro paese.<\/li>\n<li><strong>In treno:<\/strong> Linea internazionale fino a Fortezza, treno regionale per Brunico, poi autobus per la Valle Aurina (ogni 15 minuti dalle 7 alle 22).<\/li>\n<li><strong>In autobus:<\/strong> Da Brunico servizio regolare ogni 15 minuti fino a Campo Tures.<\/li>\n<\/ul>\n<p>Se stai pianificando un weekend lungo in Alto Adige a marzo, potresti combinare la visita con gli eventi legati alle <a href=\"http:\/\/www.italiadelight.it\/blog\/en\/paralimpiadi-milano-cortina-2026-guida-enogastronomica-cluster\/\">Paralimpiadi Milano Cortina 2026<\/a> o con un&#8217;escursione verso <a href=\"http:\/\/www.italiadelight.it\/blog\/en\/cosa-vedere-livigno-olimpiadi-gastronomia-alpina\/\">Livigno tra Olimpiadi e gastronomia alpina<\/a>.<\/p>\n<h2>FAQ<\/h2>\n<h3>Quando si svolge il K\u00e4sefestival 2026 a Campo Tures?<\/h3>\n<p>La 16\u00aa edizione del K\u00e4sefestival si svolge dal <strong>13 al 15 marzo 2026<\/strong> (venerd\u00ec, sabato e domenica), dalle 10:00 alle 19:00, presso il Padiglione della Musica di Campo Tures in Valle Aurina (BZ).<\/p>\n<h3>Cos&#8217;\u00e8 il Grauk\u00e4se e perch\u00e9 \u00e8 cos\u00ec importante?<\/h3>\n<p>The <em>Grauk\u00e4se<\/em> (formaggio grigio) \u00e8 un formaggio antichissimo a coagulazione acida, senza caglio, prodotto con latte scremato nei masi della Valle Aurina. Presidio Slow Food dal 2004, \u00e8 forse il formaggio pi\u00f9 magro d&#8217;Europa (meno del 2% di grassi) e rappresenta secoli di cultura casearia alpina tirolese.<\/p>\n<h3>Chi \u00e8 Tina Marcelli e qual \u00e8 il suo ruolo al festival?<\/h3>\n<p>Tina Marcelli \u00e8 una chef originaria della Valle Aurina, premiata con la Stella Verde Michelin per la sostenibilit\u00e0 e &#8220;Sorpresa dell&#8217;Anno&#8221; da Identit\u00e0 Golose. Al K\u00e4sefestival 2026 partecipa come Food Ambassador della valle con degustazioni e show cooking accanto all&#8217;affinatore Hansi Baumgartner.<\/p>\n<h3>Il K\u00e4sefestival \u00e8 adatto alle famiglie con bambini?<\/h3>\n<p>Assolutamente s\u00ec. Il programma prevede laboratori dedicati ai pi\u00f9 piccoli: dalla lavorazione della mozzarella al burro, dalla preparazione di dolci come i <em>Topfenkn\u00f6del<\/em> alla fontana di cioccolato. Un modo divertente per avvicinare i bambini al mondo del latte e dei formaggi.<\/p>\n<h3>Come si raggiunge Campo Tures per il K\u00e4sefestival?<\/h3>\n<p>In auto dal Brennero (uscita Val Pusteria \u2192 Brunico \u2192 Valle Aurina); in treno fino a Fortezza e poi regionale per Brunico con bus ogni 15 minuti fino a Campo Tures. In paese sono disponibili due parcheggi centrali e posti auto nel centro.<\/p>\n<h2>Un formaggio, una valle, un ricordo che resta<\/h2>\n<p>Quando tornerai a casa dal <strong>K\u00e4sefestival di Campo Tures<\/strong>, non saranno le quasi mille variet\u00e0 di formaggio a restare. Sar\u00e0 un profumo. Sar\u00e0 la voce di un casaro che ti ha raccontato come sua nonna frantumava la cagliata ascoltandola &#8220;cantare&#8221;. Sar\u00e0 il sapore pungente di un Grauk\u00e4se stagionato in miniera, o la mano di Tina Marcelli che trasforma il pi\u00f9 umile dei formaggi in un piatto che ti toglie le parole.<\/p>\n<p>La Valle Aurina non si visita: si abita per qualche giorno, si respira, si assaggia. E il K\u00e4sefestival \u00e8 la porta pi\u00f9 bella per entrarci dentro. Ti aspetta a marzo \u2014 con le montagne che vegliano e il profumo del latte che sale dai masi, come una preghiera sussurrata alla terra.<\/p>\n<p>Se l&#8217;Alto Adige ha acceso in te la voglia di esplorare altri <a href=\"http:\/\/www.italiadelight.it\/blog\/en\/sagre-enogastronomiche-italia\/\">festival enogastronomici italiani<\/a>, continua a viaggiare con noi: dal <a href=\"http:\/\/www.italiadelight.it\/blog\/en\/giornata-internazionale-amatriciana-2026-amatrice-programma\/\">weekend dell&#8217;Amatriciana ad Amatrice<\/a> to <a href=\"http:\/\/www.italiadelight.it\/blog\/en\/salumi-italiani-dop-eccellenze-da-gustare-e-proteggere\/\">salumi DOP italiani<\/a>, ogni boccone racconta una storia che vale la pena di scoprire.<\/p>\n<p>Per scoprire queste meraviglie italiane, <a href=\"https:\/\/www.italiadelight.it\/blog\/en\/hotel\/\">prenota un hotel<\/a> nella zona e raggiungi la destinazione con un <a href=\"https:\/\/www.italiadelight.it\/blog\/en\/voli\/\">volo<\/a>. Un&#8217;<a href=\"https:\/\/www.italiadelight.it\/blog\/en\/noleggio-auto\/\">auto a noleggio<\/a> \u00e8 il modo migliore per esplorare i dintorni. Le <a href=\"https:\/\/www.italiadelight.it\/blog\/en\/tours\/\">esperienze guidate<\/a> ti portano nei luoghi pi\u00f9 belli con la competenza di guide locali.<\/p>","protected":false},"excerpt":{"rendered":"<p>Guida completa al K\u00e4sefestival 2026 a Campo Tures: dal Grauk\u00e4se Presidio Slow Food agli show cooking di Tina Marcelli, tre giorni di formaggio alpino in Valle Aurina.<\/p>","protected":false},"author":1,"featured_media":653332,"comment_status":"open","ping_status":"closed","sticky":false,"template":"","format":"standard","meta":{"_acf_changed":false,"_seopress_robots_primary_cat":"","_seopress_titles_title":"K\u00e4sefestival 2026 Campo Tures: guida al Festival del Formaggio","_seopress_titles_desc":"K\u00e4sefestival 2026 a Campo Tures: programma, Grauk\u00e4se Slow Food, show cooking con Tina Marcelli e Osteperler. Scopri il festival del formaggio in Valle Aurina.","_seopress_robots_index":"","_daim_seo_power":"","_daim_enable_ail":"","footnotes":""},"categories":[2696],"tags":[3627,4673,4671,4669,4672,4670],"class_list":{"0":"post-653331","1":"post","2":"type-post","3":"status-publish","4":"format-standard","5":"has-post-thumbnail","7":"category-news-e-eventi","8":"tag-alto-adige","9":"tag-formaggio-artigianale","10":"tag-graukase","11":"tag-kasefestival","12":"tag-slow-food","13":"tag-valle-aurina"},"acf":[],"reading_time":10,"author_details":{"name":"Italy Delight","url":"https:\/\/www.italiadelight.it\/blog\/en\/author\/intornoame_lpgkrx4c\/","avatar":"https:\/\/secure.gravatar.com\/avatar\/2369a15b1e6841ae500ded9532d17d83db49d6c35ebedbf39e0afce5159c2980?s=96&d=mm&r=g"},"featured_image_urls":{"full":"https:\/\/www.italiadelight.it\/blog\/wp-content\/uploads\/2026\/03\/kasefestival-2026-a-campo-tures-tre-giorni-nel-cuore-del-formaggio-alpino-in-valle-aurina-1773315422.jpeg","hero":"https:\/\/www.italiadelight.it\/blog\/wp-content\/uploads\/2026\/03\/kasefestival-2026-a-campo-tures-tre-giorni-nel-cuore-del-formaggio-alpino-in-valle-aurina-1773315422-1880x1080.jpeg","card":"https:\/\/www.italiadelight.it\/blog\/wp-content\/uploads\/2026\/03\/kasefestival-2026-a-campo-tures-tre-giorni-nel-cuore-del-formaggio-alpino-in-valle-aurina-1773315422-600x400.jpeg","thumbnail":"https:\/\/www.italiadelight.it\/blog\/wp-content\/uploads\/2026\/03\/kasefestival-2026-a-campo-tures-tre-giorni-nel-cuore-del-formaggio-alpino-in-valle-aurina-1773315422-150x150.jpeg"},"excerpt_plain":"Guida completa al K\u00e4sefestival 2026 a Campo Tures: dal Grauk\u00e4se Presidio Slow Food agli show cooking di Tina Marcelli, tre giorni di formaggio alpino in Valle Aurina.","category_details":[{"id":2696,"name":"News and Events","slug":"news-e-eventi","link":"https:\/\/www.italiadelight.it\/blog\/en\/category\/news-e-eventi\/"}],"_links":{"self":[{"href":"https:\/\/www.italiadelight.it\/blog\/en\/wp-json\/wp\/v2\/posts\/653331","targetHints":{"allow":["GET"]}}],"collection":[{"href":"https:\/\/www.italiadelight.it\/blog\/en\/wp-json\/wp\/v2\/posts"}],"about":[{"href":"https:\/\/www.italiadelight.it\/blog\/en\/wp-json\/wp\/v2\/types\/post"}],"author":[{"embeddable":true,"href":"https:\/\/www.italiadelight.it\/blog\/en\/wp-json\/wp\/v2\/users\/1"}],"replies":[{"embeddable":true,"href":"https:\/\/www.italiadelight.it\/blog\/en\/wp-json\/wp\/v2\/comments?post=653331"}],"version-history":[{"count":0,"href":"https:\/\/www.italiadelight.it\/blog\/en\/wp-json\/wp\/v2\/posts\/653331\/revisions"}],"wp:featuredmedia":[{"embeddable":true,"href":"https:\/\/www.italiadelight.it\/blog\/en\/wp-json\/wp\/v2\/media\/653332"}],"wp:attachment":[{"href":"https:\/\/www.italiadelight.it\/blog\/en\/wp-json\/wp\/v2\/media?parent=653331"}],"wp:term":[{"taxonomy":"category","embeddable":true,"href":"https:\/\/www.italiadelight.it\/blog\/en\/wp-json\/wp\/v2\/categories?post=653331"},{"taxonomy":"post_tag","embeddable":true,"href":"https:\/\/www.italiadelight.it\/blog\/en\/wp-json\/wp\/v2\/tags?post=653331"}],"curies":[{"name":"wp","href":"https:\/\/api.w.org\/{rel}","templated":true}]}}